{"id":58906,"date":"2025-10-02T17:55:56","date_gmt":"2025-10-02T14:55:56","guid":{"rendered":"https:\/\/www.egemtv.com\/?p=58906"},"modified":"2025-10-02T17:55:57","modified_gmt":"2025-10-02T14:55:57","slug":"izmirde-kiz-ogrenciler-arasindaki-kavga-kamerada","status":"publish","type":"post","link":"https:\/\/www.egemtv.com\/?p=58906","title":{"rendered":"\u0130zmir\u2019de k\u0131z \u00f6\u011frenciler aras\u0131ndaki kavga kamerada"},"content":{"rendered":"<p>\u0130zmir\u2019de tramvayda bir grup k\u0131z \u00f6\u011frenci aras\u0131nda \u00e7\u0131kan yumruklu kavga, cep telefonu kameras\u0131na yans\u0131d\u0131.<br \/>\n<br \/>\u0130zmir\u2019de tramvayda bir grup k\u0131z \u00f6\u011frenci aras\u0131nda hen\u00fcz bilinmeyen bir nedenle tart\u0131\u015fma \u00e7\u0131kt\u0131. K\u0131sa s\u00fcrede b\u00fcy\u00fcyen tart\u0131\u015fma, sa\u00e7 sa\u00e7a kavgaya d\u00f6n\u00fc\u015ft\u00fc. Kavgada bir k\u0131z \u00f6\u011frenci sa\u00e7lar\u0131nda \u00e7ekilerek yere d\u00fc\u015f\u00fcr\u00fcl\u00fcp defalarca yumrukland\u0131. Olay s\u0131ras\u0131nda tramvayda bulunan di\u011fer yolcular ve kavga eden \u00f6\u011frencilerin arkada\u015flar\u0131, taraflar\u0131 ay\u0131rmakta g\u00fc\u00e7l\u00fck \u00e7ekti. Kavga anlar\u0131, \u00e7evredeki vatanda\u015flar taraf\u0131ndan cep telefonu kameralar\u0131na yans\u0131d\u0131. \u0130zmir\u2019de \u00c7evirme Radar hesab\u0131ndan payla\u015f\u0131lan g\u00f6r\u00fcnt\u00fclerde, iki k\u0131z \u00f6\u011frencinin birbirine sald\u0131rd\u0131\u011f\u0131, ba\u015fka bir k\u0131z \u00f6\u011frencinin ise araya girerek yerdeki ki\u015fiye defalarca yumruk att\u0131\u011f\u0131 anlar yer ald\u0131.<br \/><\/p>\n","protected":false},"excerpt":{"rendered":"<p>\u0130zmir\u2019de tramvayda bir grup k\u0131z \u00f6\u011frenci aras\u0131nda \u00e7\u0131kan yumruklu kavga, cep telefonu kameras\u0131na yans\u0131d\u0131. \u0130zmir\u2019de tramvayda bir grup k\u0131z \u00f6\u011frenci aras\u0131nda hen\u00fcz bilinmeyen bir nedenle tart\u0131\u015fma \u00e7\u0131kt\u0131. K\u0131sa s\u00fcrede b\u00fcy\u00fcyen tart\u0131\u015fma, sa\u00e7 sa\u00e7a kavgaya d\u00f6n\u00fc\u015ft\u00fc. Kavgada bir k\u0131z \u00f6\u011frenci sa\u00e7lar\u0131nda \u00e7ekilerek yere d\u00fc\u015f\u00fcr\u00fcl\u00fcp defalarca yumrukland\u0131. Olay s\u0131ras\u0131nda tramvayda bulunan di\u011fer yolcular ve kavga eden \u00f6\u011frencilerin&#8230;<\/p>\n","protected":false},"author":1,"featured_media":58907,"comment_status":"open","ping_status":"open","sticky":false,"template":"","format":"standard","meta":{"_crdt_document":"","footnotes":""},"categories":[5],"tags":[],"class_list":["post-58906","post","type-post","status-publish","format-standard","has-post-thumbnail","hentry","category-asayis"],"_links":{"self":[{"href":"https:\/\/www.egemtv.com\/index.php?rest_route=\/wp\/v2\/posts\/58906","targetHints":{"allow":["GET"]}}],"collection":[{"href":"https:\/\/www.egemtv.com\/index.php?rest_route=\/wp\/v2\/posts"}],"about":[{"href":"https:\/\/www.egemtv.com\/index.php?rest_route=\/wp\/v2\/types\/post"}],"author":[{"embeddable":true,"href":"https:\/\/www.egemtv.com\/index.php?rest_route=\/wp\/v2\/users\/1"}],"replies":[{"embeddable":true,"href":"https:\/\/www.egemtv.com\/index.php?rest_route=%2Fwp%2Fv2%2Fcomments&post=58906"}],"version-history":[{"count":1,"href":"https:\/\/www.egemtv.com\/index.php?rest_route=\/wp\/v2\/posts\/58906\/revisions"}],"predecessor-version":[{"id":58908,"href":"https:\/\/www.egemtv.com\/index.php?rest_route=\/wp\/v2\/posts\/58906\/revisions\/58908"}],"wp:featuredmedia":[{"embeddable":true,"href":"https:\/\/www.egemtv.com\/index.php?rest_route=\/wp\/v2\/media\/58907"}],"wp:attachment":[{"href":"https:\/\/www.egemtv.com\/index.php?rest_route=%2Fwp%2Fv2%2Fmedia&parent=58906"}],"wp:term":[{"taxonomy":"category","embeddable":true,"href":"https:\/\/www.egemtv.com\/index.php?rest_route=%2Fwp%2Fv2%2Fcategories&post=58906"},{"taxonomy":"post_tag","embeddable":true,"href":"https:\/\/www.egemtv.com\/index.php?rest_route=%2Fwp%2Fv2%2Ftags&post=58906"}],"curies":[{"name":"wp","href":"https:\/\/api.w.org\/{rel}","templated":true}]}}