{"id":58900,"date":"2025-10-02T17:55:51","date_gmt":"2025-10-02T14:55:51","guid":{"rendered":"https:\/\/www.egemtv.com\/?p=58900"},"modified":"2025-10-02T17:55:52","modified_gmt":"2025-10-02T14:55:52","slug":"denizlinin-2025-ekim-ayi-asayis-verileri-aciklandi","status":"publish","type":"post","link":"https:\/\/www.egemtv.com\/?p=58900","title":{"rendered":"Denizli\u2019nin 2025 Ekim ay\u0131 asayi\u015f verileri a\u00e7\u0131kland\u0131"},"content":{"rendered":"<p>Denizli\u2019nin Eyl\u00fcl ay\u0131 asayi\u015f verilerini a\u00e7\u0131klayan Vali \u00d6mer Faruk Co\u015fkun, su\u00e7 oranlar\u0131nda ge\u00e7en y\u0131l\u0131n Eyl\u00fcl ay\u0131 oran\u0131na g\u00f6re \u015fah\u0131slara kar\u015f\u0131 i\u015flenen su\u00e7larda y\u00fczde 2, malvarl\u0131\u011f\u0131na kar\u015f\u0131 i\u015flenen su\u00e7larda y\u00fczde 7.8 oran\u0131nda azalma oldu\u011fu belirti.<\/p>\n<p>Denizli Valisi \u00d6mer Faruk Co\u015fkun, beraberindeki \u0130l Jandarma Komutan\u0131 Tu\u011fgeneral Mevl\u00fct Dirim ve \u0130l Emniyet M\u00fcd\u00fcr\u00fc Yavuz Sa\u011fd\u0131\u00e7 ile birlikte kentin Ekim ay\u0131na dair asayi\u015f verilerini payla\u015ft\u0131. Vali Co\u015fkun, kentte ter\u00f6r su\u00e7lar\u0131na y\u00f6nelik y\u00fcr\u00fct\u00fclen \u00e7al\u0131\u015fmalar neticesinde ter\u00f6r \u00f6rg\u00fct\u00fc propagandas\u0131 yapma ve ter\u00f6r \u00f6rg\u00fct\u00fcne \u00fcye olma su\u00e7lar\u0131ndan 11 \u015f\u00fcphelinin yakaland\u0131\u011f\u0131n\u0131 a\u00e7\u0131klad\u0131. Mal varl\u0131\u011f\u0131na ve ki\u015filere kar\u015f\u0131 ger\u00e7ekle\u015fen olaylar\u0131n engellenmesi amac\u0131yla jandarma ve polis ekiplerinin s\u0131k devriye g\u00f6revleri yapt\u0131\u011f\u0131n\u0131, su\u00e7 e\u011filimi olan \u015fah\u0131slar\u0131 ve ara\u00e7lar\u0131n\u0131 fiziki ve teknolojik sistemlerle takip edildi\u011fini belirten Denizli Valisi \u00d6mer Faruk Co\u015fkun, &#8220;2025 y\u0131l\u0131 Eyl\u00fcl ay\u0131nda, 2024 y\u0131l\u0131 Eyl\u00fcl ay\u0131na g\u00f6re, ki\u015filere kar\u015f\u0131 i\u015flenen su\u00e7larda y\u00fczde 2 oran\u0131nda azalma, malvarl\u0131\u011f\u0131na kar\u015f\u0131 i\u015flenen su\u00e7larda ise y\u00fczde 7,8 oran\u0131nda bir azalma meydana gelmi\u015ftir. \u00c7al\u0131\u015fmalar neticesinde 2025 y\u0131l\u0131 Eyl\u00fcl ay\u0131nda ilimizde meydana gelen t\u00fcm asayi\u015f olaylar\u0131n\u0131n y\u00fczde 94,6\u2019s\u0131 ki\u015filere kar\u015f\u0131 i\u015flenen su\u00e7lar, y\u00fczde 95,7\u2019si malvarl\u0131\u011f\u0131na kar\u015f\u0131 i\u015flenen su\u00e7lard\u0131r. Eyl\u00fcl ay\u0131nda i\u015flenen t\u00fcm  su\u00e7lar\u0131n y\u00fczde 71.7\u2019si ayd\u0131nlat\u0131lm\u0131\u015ft\u0131r&#8221; dedi.<\/p>\n<p>1 ayda aranan 585 \u015fah\u0131s yakaland\u0131<br \/>\n<br \/>Haklar\u0131n arama karar\u0131 bulunan \u015fah\u0131slar\u0131n en k\u0131sa s\u00fcrede yakalanarak adli mercilere sa\u011flamak ve yeni su\u00e7 i\u015flemelerini engellemek amac\u0131yla titiz \u00e7al\u0131\u015fmalar y\u00fcr\u00fct\u00fcld\u00fc\u011f\u00fcn\u00fc dile getiren Vali Co\u015fkun, &#8220;H\u0131rs\u0131zl\u0131k su\u00e7undan 28, ya\u011fma\/gasp su\u00e7undan 13, doland\u0131r\u0131c\u0131l\u0131k su\u00e7undan 14, kasten \u00f6ld\u00fcrme su\u00e7undan 10, cinsel su\u00e7lardan 8, ter\u00f6r su\u00e7lar\u0131ndan 6, narkotik su\u00e7lar\u0131ndan 35, ka\u00e7ak\u00e7\u0131l\u0131k su\u00e7lar\u0131ndan 16, siber su\u00e7lardan 14, di\u011fer su\u00e7lardan 152 ve 289 ifadeye y\u00f6nelik olmak \u00fczere toplam 585 \u015fah\u0131s yakalanm\u0131\u015ft\u0131r&#8221; \u015feklinde konu\u015ftu.<br \/>\n<br \/>Ka\u00e7ak\u00e7\u0131lara y\u00f6nelik 57 operasyonda 84 \u015f\u00fcpheli yakaland\u0131<br \/>\n<br \/>Ka\u00e7ak\u00e7\u0131l\u0131k su\u00e7lar\u0131na y\u00f6nelik etkin \u00e7al\u0131\u015fmalar y\u00fcr\u00fct\u00fcld\u00fc\u011f\u00fcn\u00fcn alt\u0131n\u0131 \u00e7izen Vali Co\u015fkun, &#8220;Silah, m\u00fchimmat, emtia, tarihi eser, t\u00fct\u00fcn mamulleri ve alkoll\u00fc i\u00e7ki ka\u00e7ak\u00e7\u0131l\u0131\u011f\u0131, vergi ka\u00e7ak\u00e7\u0131l\u0131\u011f\u0131 ve tefecilik olaylar\u0131na y\u00f6nelik ger\u00e7ekle\u015ftirilen 57 operasyonda 84 \u015fah\u0131s hakk\u0131nda adli i\u015flem yap\u0131lm\u0131\u015ft\u0131r. Yap\u0131lan aramalarda 54 bin 40 adet sarma sigara, 345 bin 600 adet makaron, bin 369 paket ka\u00e7ak sigara, 553 paket nargile t\u00fct\u00fcn\u00fc, 129 adet elektronik sigara, 4 bin 798 adet sigara yan \u00fcr\u00fcn\u00fc,  435 litre ka\u00e7ak etil alkol, 85 litre ka\u00e7ak i\u00e7ki, 3 bin 781 adet tarihi eser, 24 adet kaz\u0131 malzemesi ve 2 adet tarihi eser arama dedekt\u00f6r\u00fc ele ge\u00e7irilmi\u015ftir&#8221; dedi.<\/p>\n<p>1 ayda 318 zehir taciri ve kullan\u0131c\u0131s\u0131na i\u015flem yap\u0131ld\u0131<br \/>\n<br \/>Denizli\u2019de Eyl\u00fcl ay\u0131nda uyu\u015fturucu madde ticareti yapan sokak sat\u0131c\u0131lar\u0131na ve organizasyonlar\u0131na y\u00f6nelik ger\u00e7ekle\u015ftirilen operasyonlar hakk\u0131nda bilgi veren Denizli Valisi \u00d6mer Faruk Co\u015fkun, &#8220;Uyu\u015fturucu madde imal ve ticareti su\u00e7undan 74 \u015fah\u0131s, uyu\u015fturucu madde kullanma ve bulundurma su\u00e7undan 244 \u015fah\u0131s, izinsiz kenevir ve ha\u015fha\u015f yeti\u015ftirmekten 5 \u015fah\u0131s olmak \u00fczere toplam 318 \u015fahsa adli i\u015flem yap\u0131lm\u0131\u015ft\u0131r. Uyu\u015fturucu su\u00e7lar\u0131na y\u00f6nelik yap\u0131lan operasyonlarda 445 bin 720 kullan\u0131ml\u0131k k\u00e2\u011f\u0131da emdirilmi\u015f halde bonzai, 5 kilo 16 gram esrar, 10 bin 176 adet ecstasy hap, 6 bin 27 adet sentetik ecza hap, 44 k\u00f6k kenevir, 4 kilo 644, 39 gram skunk maddesi ve 97 gram eroin ele ge\u00e7irilmi\u015ftir. Madde ba\u011f\u0131ml\u0131l\u0131\u011f\u0131 ile m\u00fccadelede fark\u0131ndal\u0131\u011f\u0131n artt\u0131r\u0131lmas\u0131 amac\u0131yla ilimizin farkl\u0131 b\u00f6lgelerinde ger\u00e7ekle\u015ftirilen 33 e\u011fitim ve nokta faaliyetlerinde 8 bin 629 ki\u015fiye ula\u015f\u0131larak bilgilendirme yap\u0131lm\u0131\u015ft\u0131r&#8221; diye konu\u015ftu.<\/p>\n<p>Siber devriyelere tak\u0131lan 199 \u015f\u00fcpheli yakaland\u0131<br \/>\n<br \/>Siber su\u00e7larla m\u00fccadele kapsam\u0131nda ekiplerin siber devriyelerde etkin rol \u00fcstlendi\u011fini belirten Vali Co\u015fkun, &#8220;Eyl\u00fcl ay\u0131nda siber devriye faaliyetleri sonucunda su\u00e7 unsuru tespit edilen toplam 199 \u015fah\u0131s\/hesap ile ilgili adli i\u015flem yap\u0131lm\u0131\u015ft\u0131r. \u00c7evrimi\u00e7i \u00e7ocuk istismar, \u00f6deme, yasad\u0131\u015f\u0131 bahis ve bili\u015fim su\u00e7lar\u0131na y\u00f6nelik ger\u00e7ekle\u015ftirilen 2 operasyon sonucunda 2 \u015fah\u0131s yakalanarak haklar\u0131nda adli i\u015flem yap\u0131lm\u0131\u015ft\u0131r&#8221; dedi.<\/p>\n<p>1 ayda 178 bin 340 ara\u00e7 denetlendi<br \/>\n<br \/>Denizli\u2019de jandarma ve polis g\u00f6rev sahas\u0131nda trafik denetimlerinin her ge\u00e7en g\u00fcn artarak devam etti\u011fini vurgulayan Vali Co\u015fkun, 2025 y\u0131l\u0131 Eyl\u00fcl ay\u0131 i\u00e7erisinde 179 bin 340 arac\u0131n trafik kontrol ve denetimlerinin yap\u0131ld\u0131\u011f\u0131n\u0131 ifade etti. Muayenesi olmayan, cam filmi tak\u0131l\u0131, abart\u0131 egzoz ve sigortas\u0131z olmak \u00fczere bin 2 bin 776 arac\u0131n trafikten men edildi\u011fini dile getiren Vali Co\u015fkun, &#8220;Trafikte yap\u0131lan alkol denetimlerinde, 673 ara\u00e7 s\u00fcr\u00fcc\u00fcs\u00fcne alkoll\u00fc ara\u00e7 kullanmaktan, 34 ara\u00e7 s\u00fcr\u00fcc\u00fcs\u00fcne ise alkolmetre cihaz\u0131n\u0131 \u00fcflemeyi reddetmekten, 74 ara\u00e7 s\u00fcr\u00fcc\u00fcs\u00fcne ise di\u011fer ihlallerden olmak \u00fczere toplam 781 s\u00fcr\u00fcc\u00fc belgesine el konulmu\u015ftur. 2025 y\u0131l\u0131 Ocak-Ekim aylar\u0131n\u0131 kapsayan 9 ayl\u0131k d\u00f6nemde ise, 1 milyon 754 bin 108 arac\u0131n trafik kontrol ve denetimleri yap\u0131lm\u0131\u015f, 17 bin 861 ara\u00e7 trafikten men edilmi\u015ftir. 4 bin 650 ara\u00e7 s\u00fcr\u00fcc\u00fcs\u00fcne alkoll\u00fc ara\u00e7 kullanmaktan, 218 \u015fahsa cihaza \u00fcflemeyi reddetmekten ve 583 ara\u00e7 s\u00fcr\u00fcc\u00fcs\u00fcne di\u011fer ihmallerden idari i\u015flem yap\u0131lm\u0131\u015f, 5 bin 451 adet s\u00fcr\u00fcc\u00fc belgesine el konulmu\u015ftur. Okullar\u0131n a\u00e7\u0131lmas\u0131 ile birlikte, \u00f6\u011frencilerimizin e\u011fitimlerini g\u00fcvenli \u015fekilde s\u00fcrd\u00fcrebilmelerini sa\u011flamak amac\u0131yla Polis ve Jandarma birimlerimizce okul \u00e7evrelerinde 253 asayi\u015f ve trafik uygulamas\u0131 g\u00f6revi ifa edilmi\u015f, okul \u00e7evrelerinde bulunan 183 umuma a\u00e7\u0131k istirahat ve e\u011flence yeri, 32 metruk bina ile 2.315 \u00f6\u011frenci servisi denetimi yap\u0131lm\u0131\u015f, denetimler esnas\u0131nda 1.258 \u015fahs\u0131n GBT sorgulamas\u0131 yap\u0131lm\u0131\u015f, denetimler sonunda kurallar\u0131 ihlal eden 106 servis \u015fof\u00f6r\u00fcne idari yapt\u0131r\u0131m uygulanm\u0131\u015ft\u0131r&#8221; \u015feklinde konu\u015ftu.<\/p>\n<p>Denetlenen bin 480 g\u00f6\u00e7menden 77\u2019si s\u0131n\u0131r d\u0131\u015f\u0131 edildi<br \/>\n<br \/>\u0130nsan ticareti riski alt\u0131nda olan bireyler, kad\u0131n, \u00e7ocuk ve m\u00fclteciler gibi hassas gruplar\u0131n korunmas\u0131 amac\u0131yla kapsaml\u0131 \u00e7al\u0131\u015fmalar y\u00fcr\u00fctt\u00fcklerini ifade eden Denizli Valisi \u00d6mer Faruk Co\u015fkun, &#8220;Bu kapsamda 2025 y\u0131l\u0131 Eyl\u00fcl ay\u0131nda ilimizde bulunan 6 mobil g\u00f6\u00e7 arac\u0131 ile d\u00fczensiz g\u00f6\u00e7le m\u00fccadele kapsam\u0131nda, bin 480 yabanc\u0131 uyruklu \u015fahs\u0131n denetimi yap\u0131lm\u0131\u015f, yap\u0131lan denetimler neticesinde 77 d\u00fczensiz g\u00f6\u00e7men tespit edilerek haklar\u0131nda s\u0131n\u0131r d\u0131\u015f\u0131 i\u015flemi ba\u015flat\u0131lm\u0131\u015ft\u0131r. 2025 y\u0131l\u0131 A\u011fustos ay\u0131nda 1 g\u00f6\u00e7men ka\u00e7ak\u00e7\u0131l\u0131\u011f\u0131 olay\u0131 meydana gelmi\u015f ve g\u00f6\u00e7men ka\u00e7ak\u00e7\u0131l\u0131\u011f\u0131 olay\u0131na kar\u0131\u015fan 1 \u015f\u00fcpheli \u015fah\u0131s hakk\u0131nda gerekli adli i\u015flemler yap\u0131lm\u0131\u015ft\u0131r&#8221; dedi.<br \/><\/p>\n","protected":false},"excerpt":{"rendered":"<p>Denizli\u2019nin Eyl\u00fcl ay\u0131 asayi\u015f verilerini a\u00e7\u0131klayan Vali \u00d6mer Faruk Co\u015fkun, su\u00e7 oranlar\u0131nda ge\u00e7en y\u0131l\u0131n Eyl\u00fcl ay\u0131 oran\u0131na g\u00f6re \u015fah\u0131slara kar\u015f\u0131 i\u015flenen su\u00e7larda y\u00fczde 2, malvarl\u0131\u011f\u0131na kar\u015f\u0131 i\u015flenen su\u00e7larda y\u00fczde 7.8 oran\u0131nda azalma oldu\u011fu belirti. Denizli Valisi \u00d6mer Faruk Co\u015fkun, beraberindeki \u0130l Jandarma Komutan\u0131 Tu\u011fgeneral Mevl\u00fct Dirim ve \u0130l Emniyet M\u00fcd\u00fcr\u00fc Yavuz Sa\u011fd\u0131\u00e7 ile birlikte kentin&#8230;<\/p>\n","protected":false},"author":1,"featured_media":58901,"comment_status":"open","ping_status":"open","sticky":false,"template":"","format":"standard","meta":{"_crdt_document":"","footnotes":""},"categories":[5],"tags":[],"class_list":["post-58900","post","type-post","status-publish","format-standard","has-post-thumbnail","hentry","category-asayis"],"_links":{"self":[{"href":"https:\/\/www.egemtv.com\/index.php?rest_route=\/wp\/v2\/posts\/58900","targetHints":{"allow":["GET"]}}],"collection":[{"href":"https:\/\/www.egemtv.com\/index.php?rest_route=\/wp\/v2\/posts"}],"about":[{"href":"https:\/\/www.egemtv.com\/index.php?rest_route=\/wp\/v2\/types\/post"}],"author":[{"embeddable":true,"href":"https:\/\/www.egemtv.com\/index.php?rest_route=\/wp\/v2\/users\/1"}],"replies":[{"embeddable":true,"href":"https:\/\/www.egemtv.com\/index.php?rest_route=%2Fwp%2Fv2%2Fcomments&post=58900"}],"version-history":[{"count":1,"href":"https:\/\/www.egemtv.com\/index.php?rest_route=\/wp\/v2\/posts\/58900\/revisions"}],"predecessor-version":[{"id":58902,"href":"https:\/\/www.egemtv.com\/index.php?rest_route=\/wp\/v2\/posts\/58900\/revisions\/58902"}],"wp:featuredmedia":[{"embeddable":true,"href":"https:\/\/www.egemtv.com\/index.php?rest_route=\/wp\/v2\/media\/58901"}],"wp:attachment":[{"href":"https:\/\/www.egemtv.com\/index.php?rest_route=%2Fwp%2Fv2%2Fmedia&parent=58900"}],"wp:term":[{"taxonomy":"category","embeddable":true,"href":"https:\/\/www.egemtv.com\/index.php?rest_route=%2Fwp%2Fv2%2Fcategories&post=58900"},{"taxonomy":"post_tag","embeddable":true,"href":"https:\/\/www.egemtv.com\/index.php?rest_route=%2Fwp%2Fv2%2Ftags&post=58900"}],"curies":[{"name":"wp","href":"https:\/\/api.w.org\/{rel}","templated":true}]}}