{"id":58897,"date":"2025-10-02T17:55:48","date_gmt":"2025-10-02T14:55:48","guid":{"rendered":"https:\/\/www.egemtv.com\/?p=58897"},"modified":"2025-10-02T17:55:50","modified_gmt":"2025-10-02T14:55:50","slug":"hakkinda-23-yil-hapis-cezasi-bulunan-sahis-yakalandi","status":"publish","type":"post","link":"https:\/\/www.egemtv.com\/?p=58897","title":{"rendered":"Hakk\u0131nda 23 y\u0131l hapis cezas\u0131 bulunan \u015fah\u0131s yakaland\u0131"},"content":{"rendered":"<p>Ayd\u0131n\u2019\u0131n Nazilli il\u00e7esinde hakk\u0131nda 23 y\u0131l 8 ay hapis cezas\u0131 bulunan ve d\u00fczenlenen operasyonla yakalanan \u015fah\u0131s \u00e7\u0131kart\u0131ld\u0131\u011f\u0131 mahkemece tutuklanarak cezaevine g\u00f6nderildi.<\/p>\n<p>Nazilli Asayi\u015f B\u00fcro Amirli\u011fince aranan \u015fah\u0131slar\u0131n yakalanmas\u0131na y\u00f6nelik yap\u0131lan \u00e7al\u0131\u015fmalar aral\u0131ks\u0131z s\u00fcr\u00fcyor. Edinilen bilgiye g\u00f6re, Kara\u00e7ay Mahallesi\u2019nde Y.Y.(34) isimli \u015fah\u0131s kovalamaca sonucu yakaland\u0131. \u015eahs\u0131n H\u0131rs\u0131zl\u0131k su\u00e7undan 23 y\u0131l 8 ay kesinle\u015fmi\u015f hapis cezas\u0131 oldu\u011fu tespit edildi. Emniyetteki i\u015flemlerinin ard\u0131ndan adliyeye sevk edilen \u015fah\u0131s \u00e7\u0131kart\u0131ld\u0131\u011f\u0131 mahkemece tutuklanarak cezaevine g\u00f6nderildi.<br \/><\/p>\n","protected":false},"excerpt":{"rendered":"<p>Ayd\u0131n\u2019\u0131n Nazilli il\u00e7esinde hakk\u0131nda 23 y\u0131l 8 ay hapis cezas\u0131 bulunan ve d\u00fczenlenen operasyonla yakalanan \u015fah\u0131s \u00e7\u0131kart\u0131ld\u0131\u011f\u0131 mahkemece tutuklanarak cezaevine g\u00f6nderildi. Nazilli Asayi\u015f B\u00fcro Amirli\u011fince aranan \u015fah\u0131slar\u0131n yakalanmas\u0131na y\u00f6nelik yap\u0131lan \u00e7al\u0131\u015fmalar aral\u0131ks\u0131z s\u00fcr\u00fcyor. Edinilen bilgiye g\u00f6re, Kara\u00e7ay Mahallesi\u2019nde Y.Y.(34) isimli \u015fah\u0131s kovalamaca sonucu yakaland\u0131. \u015eahs\u0131n H\u0131rs\u0131zl\u0131k su\u00e7undan 23 y\u0131l 8 ay kesinle\u015fmi\u015f hapis cezas\u0131 oldu\u011fu&#8230;<\/p>\n","protected":false},"author":1,"featured_media":58898,"comment_status":"open","ping_status":"open","sticky":false,"template":"","format":"standard","meta":{"_crdt_document":"","footnotes":""},"categories":[5],"tags":[],"class_list":["post-58897","post","type-post","status-publish","format-standard","has-post-thumbnail","hentry","category-asayis"],"_links":{"self":[{"href":"https:\/\/www.egemtv.com\/index.php?rest_route=\/wp\/v2\/posts\/58897","targetHints":{"allow":["GET"]}}],"collection":[{"href":"https:\/\/www.egemtv.com\/index.php?rest_route=\/wp\/v2\/posts"}],"about":[{"href":"https:\/\/www.egemtv.com\/index.php?rest_route=\/wp\/v2\/types\/post"}],"author":[{"embeddable":true,"href":"https:\/\/www.egemtv.com\/index.php?rest_route=\/wp\/v2\/users\/1"}],"replies":[{"embeddable":true,"href":"https:\/\/www.egemtv.com\/index.php?rest_route=%2Fwp%2Fv2%2Fcomments&post=58897"}],"version-history":[{"count":1,"href":"https:\/\/www.egemtv.com\/index.php?rest_route=\/wp\/v2\/posts\/58897\/revisions"}],"predecessor-version":[{"id":58899,"href":"https:\/\/www.egemtv.com\/index.php?rest_route=\/wp\/v2\/posts\/58897\/revisions\/58899"}],"wp:featuredmedia":[{"embeddable":true,"href":"https:\/\/www.egemtv.com\/index.php?rest_route=\/wp\/v2\/media\/58898"}],"wp:attachment":[{"href":"https:\/\/www.egemtv.com\/index.php?rest_route=%2Fwp%2Fv2%2Fmedia&parent=58897"}],"wp:term":[{"taxonomy":"category","embeddable":true,"href":"https:\/\/www.egemtv.com\/index.php?rest_route=%2Fwp%2Fv2%2Fcategories&post=58897"},{"taxonomy":"post_tag","embeddable":true,"href":"https:\/\/www.egemtv.com\/index.php?rest_route=%2Fwp%2Fv2%2Ftags&post=58897"}],"curies":[{"name":"wp","href":"https:\/\/api.w.org\/{rel}","templated":true}]}}