{"id":58894,"date":"2025-10-02T17:36:07","date_gmt":"2025-10-02T14:36:07","guid":{"rendered":"https:\/\/www.egemtv.com\/?p=58894"},"modified":"2025-10-02T17:36:08","modified_gmt":"2025-10-02T14:36:08","slug":"yaslilar-unutulmadi","status":"publish","type":"post","link":"https:\/\/www.egemtv.com\/?p=58894","title":{"rendered":"Ya\u015fl\u0131lar unutulmad\u0131"},"content":{"rendered":"<p>Mehmet Akif Ersoy \u00dcniversitesi Ya\u015fl\u0131l\u0131k Ara\u015ft\u0131rmalar\u0131 Merkezi (YA\u015eAM), 1 Ekim D\u00fcnya Ya\u015fl\u0131lar G\u00fcn\u00fc kapsam\u0131nda ya\u015fl\u0131 bireyleri evlerinde ziyaret ederek hem hay\u0131r dualar\u0131n\u0131 ald\u0131 hem de ya\u015fl\u0131lar\u0131n ya\u015fam kalitesini art\u0131rmaya y\u00f6nelik \u00e7al\u0131\u015fmalar yapt\u0131.<br \/>\n<br \/>Burdur Mehmet Akif Ersoy \u00dcniversitesi (MAK\u00dc) b\u00fcnyesinde faaliyet g\u00f6steren Ya\u015fl\u0131l\u0131k Ara\u015ft\u0131rmalar\u0131 Uygulama ve Ara\u015ft\u0131rma Merkezi (YA\u015eAM), bu y\u0131l da 1 Ekim D\u00fcnya Ya\u015fl\u0131lar G\u00fcn\u00fc\u2019nde ya\u015fl\u0131 bireyleri ziyaret etti. YA\u015eAM g\u00f6n\u00fcll\u00fcleri, d\u00fczenli izlemler yapmak, toplumsal fark\u0131ndal\u0131k olu\u015fturmak ve ya\u015fl\u0131 bireylerin hayat\u0131na dokunmak amac\u0131yla ev ziyaretleri ger\u00e7ekle\u015ftirdi. Ziyaretlerde ya\u015fl\u0131lar\u0131n sorunlar\u0131 yerinde dinlenerek, ihtiya\u00e7lar\u0131na y\u00f6nelik \u00e7\u00f6z\u00fcm \u00f6nerileri sunuldu.<br \/>\n<br \/>&#8220;Ya\u015fl\u0131lar\u0131m\u0131z en de\u011ferli hazinemiz&#8221;<br \/>\n<br \/>Ziyaretler s\u0131ras\u0131nda a\u00e7\u0131klamalarda bulunan YA\u015eAM M\u00fcd\u00fcr\u00fc Do\u00e7. Dr. Deniz Say \u015eahin, &#8220;Ya\u015fl\u0131lar\u0131m\u0131z, ge\u00e7mi\u015f ile gelece\u011fimiz aras\u0131nda k\u00f6pr\u00fc kuran en de\u011ferli hazinemizdir. Onlar\u0131n bilgeli\u011fi ve dualar\u0131yla bizlere yol g\u00f6sterdi\u011fini unutmamal\u0131y\u0131z,&#8221; dedi. Do\u00e7. Dr. \u015eahin, merkezin sadece saha ziyaretleriyle de\u011fil, ayn\u0131 zamanda d\u00fczenli bilimsel izleme ve ara\u015ft\u0131rma \u00e7al\u0131\u015fmalar\u0131yla da ya\u015fl\u0131l\u0131k politikalar\u0131na katk\u0131 sundu\u011funu belirterek, &#8220;Amac\u0131m\u0131z, ya\u015f alm\u0131\u015f b\u00fcy\u00fcklerimizi daha g\u00f6r\u00fcn\u00fcr k\u0131lmak ve s\u00fcrd\u00fcr\u00fclebilir ya\u015fl\u0131 toplumlar\u0131n in\u015fas\u0131na katk\u0131 sa\u011flamak&#8221; ifadelerini kulland\u0131.<br \/><\/p>\n","protected":false},"excerpt":{"rendered":"<p>Mehmet Akif Ersoy \u00dcniversitesi Ya\u015fl\u0131l\u0131k Ara\u015ft\u0131rmalar\u0131 Merkezi (YA\u015eAM), 1 Ekim D\u00fcnya Ya\u015fl\u0131lar G\u00fcn\u00fc kapsam\u0131nda ya\u015fl\u0131 bireyleri evlerinde ziyaret ederek hem hay\u0131r dualar\u0131n\u0131 ald\u0131 hem de ya\u015fl\u0131lar\u0131n ya\u015fam kalitesini art\u0131rmaya y\u00f6nelik \u00e7al\u0131\u015fmalar yapt\u0131. Burdur Mehmet Akif Ersoy \u00dcniversitesi (MAK\u00dc) b\u00fcnyesinde faaliyet g\u00f6steren Ya\u015fl\u0131l\u0131k Ara\u015ft\u0131rmalar\u0131 Uygulama ve Ara\u015ft\u0131rma Merkezi (YA\u015eAM), bu y\u0131l da 1 Ekim D\u00fcnya Ya\u015fl\u0131lar&#8230;<\/p>\n","protected":false},"author":1,"featured_media":58895,"comment_status":"open","ping_status":"open","sticky":false,"template":"","format":"standard","meta":{"_crdt_document":"","footnotes":""},"categories":[123],"tags":[],"class_list":["post-58894","post","type-post","status-publish","format-standard","has-post-thumbnail","hentry","category-gundem"],"_links":{"self":[{"href":"https:\/\/www.egemtv.com\/index.php?rest_route=\/wp\/v2\/posts\/58894","targetHints":{"allow":["GET"]}}],"collection":[{"href":"https:\/\/www.egemtv.com\/index.php?rest_route=\/wp\/v2\/posts"}],"about":[{"href":"https:\/\/www.egemtv.com\/index.php?rest_route=\/wp\/v2\/types\/post"}],"author":[{"embeddable":true,"href":"https:\/\/www.egemtv.com\/index.php?rest_route=\/wp\/v2\/users\/1"}],"replies":[{"embeddable":true,"href":"https:\/\/www.egemtv.com\/index.php?rest_route=%2Fwp%2Fv2%2Fcomments&post=58894"}],"version-history":[{"count":1,"href":"https:\/\/www.egemtv.com\/index.php?rest_route=\/wp\/v2\/posts\/58894\/revisions"}],"predecessor-version":[{"id":58896,"href":"https:\/\/www.egemtv.com\/index.php?rest_route=\/wp\/v2\/posts\/58894\/revisions\/58896"}],"wp:featuredmedia":[{"embeddable":true,"href":"https:\/\/www.egemtv.com\/index.php?rest_route=\/wp\/v2\/media\/58895"}],"wp:attachment":[{"href":"https:\/\/www.egemtv.com\/index.php?rest_route=%2Fwp%2Fv2%2Fmedia&parent=58894"}],"wp:term":[{"taxonomy":"category","embeddable":true,"href":"https:\/\/www.egemtv.com\/index.php?rest_route=%2Fwp%2Fv2%2Fcategories&post=58894"},{"taxonomy":"post_tag","embeddable":true,"href":"https:\/\/www.egemtv.com\/index.php?rest_route=%2Fwp%2Fv2%2Ftags&post=58894"}],"curies":[{"name":"wp","href":"https:\/\/api.w.org\/{rel}","templated":true}]}}