{"id":58523,"date":"2025-10-01T12:55:43","date_gmt":"2025-10-01T09:55:43","guid":{"rendered":"https:\/\/www.egemtv.com\/?p=58523"},"modified":"2025-10-01T12:55:44","modified_gmt":"2025-10-01T09:55:44","slug":"manisa-sehir-hastanesinden-normal-doguma-destek","status":"publish","type":"post","link":"https:\/\/www.egemtv.com\/?p=58523","title":{"rendered":"Manisa \u015eehir Hastanesi\u2019nden normal do\u011fuma destek"},"content":{"rendered":"<p>Manisa \u015eehir Hastanesi, 1-7 Ekim &#8220;Normal Do\u011fum Haftas\u0131&#8221; kapsam\u0131nda anne ve bebek sa\u011fl\u0131\u011f\u0131n\u0131n \u00f6nemine dikkat \u00e7ekmek amac\u0131yla fark\u0131ndal\u0131k \u00e7al\u0131\u015fmas\u0131 haz\u0131rlad\u0131.<br \/>\n<br \/>Haz\u0131rlanan video \u00e7al\u0131\u015fmas\u0131nda hastanede g\u00f6rev yapan ebeler, normal do\u011fumun anne ve bebek i\u00e7in en sa\u011fl\u0131kl\u0131 ba\u015flang\u0131\u00e7 oldu\u011funa vurgu yapt\u0131. Ayr\u0131ca Gebe Okulu\u2019nda e\u011fitim alarak ilk do\u011fumunu ya\u015fayan Yaren Usta, e\u011fitimlerin do\u011fum s\u00fcrecine katk\u0131s\u0131n\u0131 ve ya\u015fad\u0131\u011f\u0131 normal do\u011fum deneyimini payla\u015ft\u0131.<br \/>\n<br \/>Ba\u015fhekim Yard\u0131mc\u0131s\u0131 Uzm. Dr. Ece Aras \u00d6zt\u00fcrk, normal do\u011fumun \u00f6nemine dikkat \u00e7ekerek, &#8220;Normal do\u011fum hem anne hem de bebek i\u00e7in en sa\u011fl\u0131kl\u0131 se\u00e7eneklerden biridir. G\u00fc\u00e7l\u00fc sa\u011fl\u0131k ekibimiz, modern do\u011fum \u00fcnitelerimiz ve do\u011fum sonras\u0131 emzirme deste\u011fimizle annelerimizin yan\u0131nday\u0131z&#8221; dedi.<br \/>\n<br \/>\u0130lk do\u011fumunu ger\u00e7ekle\u015ftiren Yaren Usta ise, Gebe Okulu\u2019nun kendisine b\u00fcy\u00fck fayda sa\u011flad\u0131\u011f\u0131n\u0131 belirterek \u015funlar\u0131 s\u00f6yledi: &#8220;\u0130lk do\u011fumumdu, korkular\u0131m vard\u0131. Manisa \u015eehir Hastanesi Gebe Okulu\u2019nda e\u011fitim ald\u0131m, bilgiler sayesinde daha bilin\u00e7li ve huzurlu do\u011fuma girdim. Normal do\u011fumun en g\u00fczel taraf\u0131, bebe\u011fimle hemen ten temas\u0131 sa\u011flamam oldu. E\u011fitimler sayesinde \u00e7ok rahat bir do\u011fum ya\u015fad\u0131m. T\u00fcm hekimlerimize, ebelerimize ve e\u011fitim verenlere te\u015fekk\u00fcr ediyorum.&#8221;<br \/>\n<br \/>Manisa \u015eehir Hastanesi yetkilileri, Gebe Okulu\u2019nun anne adaylar\u0131n\u0131 do\u011fuma haz\u0131rlayan ve bilin\u00e7lendiren bir merkez oldu\u011funu vurgulayarak t\u00fcm anne adaylar\u0131n\u0131 e\u011fitimlere kat\u0131lmaya davet etti.<br \/>\n<br \/>Ebeler taraf\u0131ndan haz\u0131rlanan video metninde ise \u015fu ifadeler yer ald\u0131:<br \/>\n<br \/>&#8220;Normal do\u011fum, hem annenin hem de bebe\u011fin sa\u011fl\u0131\u011f\u0131 i\u00e7in en \u00f6zel ve en do\u011fal ba\u015flang\u0131\u00e7t\u0131r. Normal do\u011fumla bebek hayata daha g\u00fc\u00e7l\u00fc bir ad\u0131m atar. Anne-bebek dostu hastanemizde, modern do\u011fumhanelerimiz, yenido\u011fan yo\u011fun bak\u0131m \u00fcnitemiz ve do\u011fum sonras\u0131 emzirme deste\u011fimizle g\u00fcvenli bir do\u011fum s\u00fcreci sa\u011flamaktay\u0131z.&#8221;<br \/><\/p>\n","protected":false},"excerpt":{"rendered":"<p>Manisa \u015eehir Hastanesi, 1-7 Ekim &#8220;Normal Do\u011fum Haftas\u0131&#8221; kapsam\u0131nda anne ve bebek sa\u011fl\u0131\u011f\u0131n\u0131n \u00f6nemine dikkat \u00e7ekmek amac\u0131yla fark\u0131ndal\u0131k \u00e7al\u0131\u015fmas\u0131 haz\u0131rlad\u0131. Haz\u0131rlanan video \u00e7al\u0131\u015fmas\u0131nda hastanede g\u00f6rev yapan ebeler, normal do\u011fumun anne ve bebek i\u00e7in en sa\u011fl\u0131kl\u0131 ba\u015flang\u0131\u00e7 oldu\u011funa vurgu yapt\u0131. Ayr\u0131ca Gebe Okulu\u2019nda e\u011fitim alarak ilk do\u011fumunu ya\u015fayan Yaren Usta, e\u011fitimlerin do\u011fum s\u00fcrecine katk\u0131s\u0131n\u0131 ve ya\u015fad\u0131\u011f\u0131&#8230;<\/p>\n","protected":false},"author":1,"featured_media":58524,"comment_status":"open","ping_status":"open","sticky":false,"template":"","format":"standard","meta":{"_crdt_document":"","footnotes":""},"categories":[2],"tags":[],"class_list":["post-58523","post","type-post","status-publish","format-standard","has-post-thumbnail","hentry","category-saglik"],"_links":{"self":[{"href":"https:\/\/www.egemtv.com\/index.php?rest_route=\/wp\/v2\/posts\/58523","targetHints":{"allow":["GET"]}}],"collection":[{"href":"https:\/\/www.egemtv.com\/index.php?rest_route=\/wp\/v2\/posts"}],"about":[{"href":"https:\/\/www.egemtv.com\/index.php?rest_route=\/wp\/v2\/types\/post"}],"author":[{"embeddable":true,"href":"https:\/\/www.egemtv.com\/index.php?rest_route=\/wp\/v2\/users\/1"}],"replies":[{"embeddable":true,"href":"https:\/\/www.egemtv.com\/index.php?rest_route=%2Fwp%2Fv2%2Fcomments&post=58523"}],"version-history":[{"count":1,"href":"https:\/\/www.egemtv.com\/index.php?rest_route=\/wp\/v2\/posts\/58523\/revisions"}],"predecessor-version":[{"id":58525,"href":"https:\/\/www.egemtv.com\/index.php?rest_route=\/wp\/v2\/posts\/58523\/revisions\/58525"}],"wp:featuredmedia":[{"embeddable":true,"href":"https:\/\/www.egemtv.com\/index.php?rest_route=\/wp\/v2\/media\/58524"}],"wp:attachment":[{"href":"https:\/\/www.egemtv.com\/index.php?rest_route=%2Fwp%2Fv2%2Fmedia&parent=58523"}],"wp:term":[{"taxonomy":"category","embeddable":true,"href":"https:\/\/www.egemtv.com\/index.php?rest_route=%2Fwp%2Fv2%2Fcategories&post=58523"},{"taxonomy":"post_tag","embeddable":true,"href":"https:\/\/www.egemtv.com\/index.php?rest_route=%2Fwp%2Fv2%2Ftags&post=58523"}],"curies":[{"name":"wp","href":"https:\/\/api.w.org\/{rel}","templated":true}]}}