{"id":58520,"date":"2025-10-01T12:35:38","date_gmt":"2025-10-01T09:35:38","guid":{"rendered":"https:\/\/www.egemtv.com\/?p=58520"},"modified":"2025-10-01T12:35:40","modified_gmt":"2025-10-01T09:35:40","slug":"vali-canbolat-yasli-cinarlarla-kahvaltida-bulustu","status":"publish","type":"post","link":"https:\/\/www.egemtv.com\/?p=58520","title":{"rendered":"Vali Canbolat, ya\u015fl\u0131 \u00e7\u0131narlarla kahvalt\u0131da bulu\u015ftu"},"content":{"rendered":"<p>Ayd\u0131n Valisi Yakup Canbolat, 1 Ekim D\u00fcnya Ya\u015fl\u0131lar G\u00fcn\u00fc kapsam\u0131nda, Ayd\u0131n Huzurevi Ya\u015fl\u0131 Bak\u0131m Rehabilitasyon Merkezi M\u00fcd\u00fcrl\u00fc\u011f\u00fc H\u00fclya Arslan Barut Ya\u015fl\u0131 Aktif Ya\u015fam Merkezi\u2019nde ya\u015fl\u0131 vatanda\u015flarla kahvalt\u0131 program\u0131nda bir araya geldi.<\/p>\n<p>Ya\u015fl\u0131larla yak\u0131ndan ilgilenen Vali Canbolat, program boyunca samimi sohbetler ger\u00e7ekle\u015ftirerek onlar\u0131n istek ve taleplerini dinledi. Kahvalt\u0131 program\u0131na Ayd\u0131n Aile ve Sosyal Hizmetler \u0130l M\u00fcd\u00fcr\u00fc Abdullah K\u00f6m\u00fcrc\u00fco\u011flu da kat\u0131ld\u0131.<\/p>\n<p>&#8220;Ya\u015fl\u0131lar\u0131m\u0131z hayat rehberlerimizdir&#8221;<br \/>\n<br \/>Kahvalt\u0131 sonras\u0131 k\u0131sa bir konu\u015fma yapan Vali Canbolat, ya\u015fl\u0131 bireylerin toplumun haf\u0131zas\u0131 ve en de\u011ferli b\u00fcy\u00fckleri oldu\u011funu vurgulayarak \u015fu ifadeleri kulland\u0131:<br \/>\n<br \/>&#8220;1 Ekim, D\u00fcnya Ya\u015fl\u0131lar G\u00fcn\u00fc olarak kutlanmakta. Biz de bug\u00fcn Aymelek Derne\u011fi\u2019nin G\u00fcnd\u00fcz Ya\u015fl\u0131 Bak\u0131m Evi\u2019ne gelerek k\u0131ymetli b\u00fcy\u00fcklerimizle kahvalt\u0131 yapt\u0131k. Kendilerine sa\u011fl\u0131k, s\u0131hhat ve uzun \u00f6m\u00fcrler diledik. Ya\u015fl\u0131lar\u0131m\u0131z, bizim her zaman hayat rehberlerimiz. Onlara her \u015fartta sahip \u00e7\u0131kmal\u0131, destek olmal\u0131y\u0131z. Bizleri bu g\u00fcnlere getiren onlar. Unutmamal\u0131y\u0131z ki bug\u00fcn\u00fcn gen\u00e7leri, yar\u0131n\u0131n ya\u015fl\u0131lar\u0131 olacak. \u00c7ocuklar\u0131m\u0131za da b\u00fcy\u00fcklerine sayg\u0131 duymay\u0131, birlikte ya\u015famay\u0131 ve hizmet etmeyi \u00f6\u011fretmeliyiz. T\u00fcm ya\u015fl\u0131lar\u0131m\u0131z\u0131n ellerinden \u00f6p\u00fcyorum, hepsine huzur dolu bir \u00f6m\u00fcr diliyorum&#8221;<\/p>\n<p>Programda ya\u015fl\u0131 \u00e7iftelere \u00e7e\u015fitli hediyeler verildi.<br \/><\/p>\n","protected":false},"excerpt":{"rendered":"<p>Ayd\u0131n Valisi Yakup Canbolat, 1 Ekim D\u00fcnya Ya\u015fl\u0131lar G\u00fcn\u00fc kapsam\u0131nda, Ayd\u0131n Huzurevi Ya\u015fl\u0131 Bak\u0131m Rehabilitasyon Merkezi M\u00fcd\u00fcrl\u00fc\u011f\u00fc H\u00fclya Arslan Barut Ya\u015fl\u0131 Aktif Ya\u015fam Merkezi\u2019nde ya\u015fl\u0131 vatanda\u015flarla kahvalt\u0131 program\u0131nda bir araya geldi. Ya\u015fl\u0131larla yak\u0131ndan ilgilenen Vali Canbolat, program boyunca samimi sohbetler ger\u00e7ekle\u015ftirerek onlar\u0131n istek ve taleplerini dinledi. Kahvalt\u0131 program\u0131na Ayd\u0131n Aile ve Sosyal Hizmetler \u0130l M\u00fcd\u00fcr\u00fc&#8230;<\/p>\n","protected":false},"author":1,"featured_media":58521,"comment_status":"open","ping_status":"open","sticky":false,"template":"","format":"standard","meta":{"_crdt_document":"","footnotes":""},"categories":[1],"tags":[],"class_list":["post-58520","post","type-post","status-publish","format-standard","has-post-thumbnail","hentry","category-guncel"],"_links":{"self":[{"href":"https:\/\/www.egemtv.com\/index.php?rest_route=\/wp\/v2\/posts\/58520","targetHints":{"allow":["GET"]}}],"collection":[{"href":"https:\/\/www.egemtv.com\/index.php?rest_route=\/wp\/v2\/posts"}],"about":[{"href":"https:\/\/www.egemtv.com\/index.php?rest_route=\/wp\/v2\/types\/post"}],"author":[{"embeddable":true,"href":"https:\/\/www.egemtv.com\/index.php?rest_route=\/wp\/v2\/users\/1"}],"replies":[{"embeddable":true,"href":"https:\/\/www.egemtv.com\/index.php?rest_route=%2Fwp%2Fv2%2Fcomments&post=58520"}],"version-history":[{"count":1,"href":"https:\/\/www.egemtv.com\/index.php?rest_route=\/wp\/v2\/posts\/58520\/revisions"}],"predecessor-version":[{"id":58522,"href":"https:\/\/www.egemtv.com\/index.php?rest_route=\/wp\/v2\/posts\/58520\/revisions\/58522"}],"wp:featuredmedia":[{"embeddable":true,"href":"https:\/\/www.egemtv.com\/index.php?rest_route=\/wp\/v2\/media\/58521"}],"wp:attachment":[{"href":"https:\/\/www.egemtv.com\/index.php?rest_route=%2Fwp%2Fv2%2Fmedia&parent=58520"}],"wp:term":[{"taxonomy":"category","embeddable":true,"href":"https:\/\/www.egemtv.com\/index.php?rest_route=%2Fwp%2Fv2%2Fcategories&post=58520"},{"taxonomy":"post_tag","embeddable":true,"href":"https:\/\/www.egemtv.com\/index.php?rest_route=%2Fwp%2Fv2%2Ftags&post=58520"}],"curies":[{"name":"wp","href":"https:\/\/api.w.org\/{rel}","templated":true}]}}