{"id":58517,"date":"2025-10-01T12:35:36","date_gmt":"2025-10-01T09:35:36","guid":{"rendered":"https:\/\/www.egemtv.com\/?p=58517"},"modified":"2025-10-01T12:35:37","modified_gmt":"2025-10-01T09:35:37","slug":"minikler-agiz-ve-dis-sagligini-ogrenmeye-devam-edecek","status":"publish","type":"post","link":"https:\/\/www.egemtv.com\/?p=58517","title":{"rendered":"Minikler a\u011f\u0131z ve di\u015f sa\u011fl\u0131\u011f\u0131n\u0131 \u00f6\u011frenmeye devam edecek"},"content":{"rendered":"<p>Yunusemre Belediyesi ve Koruyucu Di\u015f Hekimli\u011fi Derne\u011fi aras\u0131nda yenilenen protokol ile Yunusemre s\u0131n\u0131rlar\u0131 i\u00e7erisindeki anas\u0131n\u0131f\u0131 ve ilkokul \u00f6\u011frencilerine a\u011f\u0131z ve di\u015f sa\u011fl\u0131\u011f\u0131 e\u011fitimi verilmeye devam edilecek.<br \/>\n<br \/>Yunusemre Belediyesi, Koruyucu Di\u015f Hekimli\u011fi Derne\u011fi ile yapt\u0131\u011f\u0131 i\u015fbirli\u011fi protokol\u00fcn\u00fc yeniledi. Ba\u015fkanl\u0131k makam\u0131nda Yunusemre Belediye Ba\u015fkan\u0131 Semih Balaban ile Manisa Koruyucu Di\u015f Hekimli\u011fi Derne\u011fi Ba\u015fkan\u0131 Faruk Tomruk aras\u0131nda imzalanan protokol kapsam\u0131nda il\u00e7e s\u0131n\u0131rlar\u0131 i\u00e7erisindeki anas\u0131n\u0131f\u0131 ve ilkokul \u00f6\u011frencilerine a\u011f\u0131z ve di\u015f sa\u011fl\u0131\u011f\u0131 e\u011fitimi verilmeye devam edilecek.<br \/>\n<br \/>A\u011f\u0131z ve di\u015f bak\u0131m\u0131n\u0131n k\u00fc\u00e7\u00fck ya\u015fta edinilmesi gerekti\u011fine vurgu yapan Belediye Ba\u015fkan\u0131 Balaban, 4 y\u0131lda yakla\u015f\u0131k 9 bin anas\u0131n\u0131f\u0131 ve ilkokul \u00f6\u011frencisine ula\u015f\u0131ld\u0131\u011f\u0131n\u0131 s\u00f6yledi. Ba\u015fkan Balaban a\u00e7\u0131klamas\u0131nda, &#8220;\u00c7ocuklar\u0131m\u0131z\u0131n a\u011f\u0131z ve di\u015f sa\u011fl\u0131\u011f\u0131 konusunda bilin\u00e7lenmesi amac\u0131yla protokol\u00fcm\u00fcz\u00fc yeniledik. Protokol ile a\u011f\u0131z ve di\u015f sa\u011fl\u0131\u011f\u0131 e\u011fitimi bu y\u0131l da devam edecek. \u00c7ocuklar\u0131m\u0131z\u0131n sa\u011fl\u0131\u011f\u0131 bizim i\u00e7in her \u015feyden \u00f6nce gelir&#8221; dedi.<br \/><\/p>\n","protected":false},"excerpt":{"rendered":"<p>Yunusemre Belediyesi ve Koruyucu Di\u015f Hekimli\u011fi Derne\u011fi aras\u0131nda yenilenen protokol ile Yunusemre s\u0131n\u0131rlar\u0131 i\u00e7erisindeki anas\u0131n\u0131f\u0131 ve ilkokul \u00f6\u011frencilerine a\u011f\u0131z ve di\u015f sa\u011fl\u0131\u011f\u0131 e\u011fitimi verilmeye devam edilecek. Yunusemre Belediyesi, Koruyucu Di\u015f Hekimli\u011fi Derne\u011fi ile yapt\u0131\u011f\u0131 i\u015fbirli\u011fi protokol\u00fcn\u00fc yeniledi. Ba\u015fkanl\u0131k makam\u0131nda Yunusemre Belediye Ba\u015fkan\u0131 Semih Balaban ile Manisa Koruyucu Di\u015f Hekimli\u011fi Derne\u011fi Ba\u015fkan\u0131 Faruk Tomruk aras\u0131nda imzalanan&#8230;<\/p>\n","protected":false},"author":1,"featured_media":58518,"comment_status":"open","ping_status":"open","sticky":false,"template":"","format":"standard","meta":{"_crdt_document":"","footnotes":""},"categories":[2],"tags":[],"class_list":["post-58517","post","type-post","status-publish","format-standard","has-post-thumbnail","hentry","category-saglik"],"_links":{"self":[{"href":"https:\/\/www.egemtv.com\/index.php?rest_route=\/wp\/v2\/posts\/58517","targetHints":{"allow":["GET"]}}],"collection":[{"href":"https:\/\/www.egemtv.com\/index.php?rest_route=\/wp\/v2\/posts"}],"about":[{"href":"https:\/\/www.egemtv.com\/index.php?rest_route=\/wp\/v2\/types\/post"}],"author":[{"embeddable":true,"href":"https:\/\/www.egemtv.com\/index.php?rest_route=\/wp\/v2\/users\/1"}],"replies":[{"embeddable":true,"href":"https:\/\/www.egemtv.com\/index.php?rest_route=%2Fwp%2Fv2%2Fcomments&post=58517"}],"version-history":[{"count":1,"href":"https:\/\/www.egemtv.com\/index.php?rest_route=\/wp\/v2\/posts\/58517\/revisions"}],"predecessor-version":[{"id":58519,"href":"https:\/\/www.egemtv.com\/index.php?rest_route=\/wp\/v2\/posts\/58517\/revisions\/58519"}],"wp:featuredmedia":[{"embeddable":true,"href":"https:\/\/www.egemtv.com\/index.php?rest_route=\/wp\/v2\/media\/58518"}],"wp:attachment":[{"href":"https:\/\/www.egemtv.com\/index.php?rest_route=%2Fwp%2Fv2%2Fmedia&parent=58517"}],"wp:term":[{"taxonomy":"category","embeddable":true,"href":"https:\/\/www.egemtv.com\/index.php?rest_route=%2Fwp%2Fv2%2Fcategories&post=58517"},{"taxonomy":"post_tag","embeddable":true,"href":"https:\/\/www.egemtv.com\/index.php?rest_route=%2Fwp%2Fv2%2Ftags&post=58517"}],"curies":[{"name":"wp","href":"https:\/\/api.w.org\/{rel}","templated":true}]}}