{"id":58514,"date":"2025-10-01T12:15:22","date_gmt":"2025-10-01T09:15:22","guid":{"rendered":"https:\/\/www.egemtv.com\/?p=58514"},"modified":"2025-10-01T12:15:29","modified_gmt":"2025-10-01T09:15:29","slug":"tohob-yonetimi-aydinda-toplandi","status":"publish","type":"post","link":"https:\/\/www.egemtv.com\/?p=58514","title":{"rendered":"T\u00d6HOB y\u00f6netimi Ayd\u0131n\u2019da topland\u0131"},"content":{"rendered":"<p>T\u00fcrkiye \u00d6zel Halk Otob\u00fcsleri Birli\u011fi (T\u00d6HOB)  ola\u011fan y\u00f6netim kurulu toplant\u0131s\u0131 Ayd\u0131n\u2019da yap\u0131ld\u0131. Ayd\u0131n \u015eof\u00f6rler Odas\u0131\u2019n\u0131n ev sahipli\u011finde ger\u00e7ekle\u015ftirilen toplant\u0131da halk otob\u00fcs\u00fc \u015fof\u00f6rlerinin en b\u00fcy\u00fck s\u0131k\u0131nt\u0131s\u0131n\u0131n adil olmayan \u00fccretsiz ta\u015f\u0131malar oldu\u011fu belirtildi. T\u00d6HOB Ba\u015fkan\u0131 Ercan Soyda\u015f, &#8220;\u015eehrin en l\u00fckse semtinde ya\u015fayan 65 ya\u015f\u0131n \u00fczerindeki fabrikat\u00f6r\u00fc \u00fccretsiz ta\u015f\u0131yor, fabrikat\u00f6r\u00fcn villas\u0131na hizmete gelen temizlik\u00e7iden, tamire gelen i\u015f\u00e7iden \u00fccret al\u0131yoruz. Bu durumun adil hale getirilmesini bekliyoruz&#8221; dedi.<br \/>\n<br \/>Ayd\u0131n ziyareti ve toplant\u0131 program\u0131 kapsam\u0131nda Vali Yakup Canbolat ve \u0130l Emniyet M\u00fcd\u00fcr\u00fc Adnan Erdo\u011fan\u2019\u0131 makam\u0131nda ziyaret eden T\u00d6HOB heyeti, sekt\u00f6rde ya\u015fanan sorunlar ve \u00e7\u00f6z\u00fcm \u00f6nerileri hakk\u0131nda bilgi sundu.<br \/>\n<br \/>Toplant\u0131 ve ziyaret program\u0131n\u0131n olduk\u00e7a verimli ge\u00e7ti\u011fini belirten Ayd\u0131n \u015eof\u00f6rler Odas\u0131 Ba\u015fkan\u0131 Semih \u00d6zmeri\u00e7, T\u00d6H\u00d6B heyetini Ayd\u0131n\u2019da misafir etmekten mutluluk duyduklar\u0131n\u0131 belirterek kendilerini kabul eden Vali Yakup Canbolat ve \u0130l Emniyet M\u00fcd\u00fcr\u00fc Adnan Erdo\u011fan\u2019a te\u015fekk\u00fcr etti.<br \/>\n<br \/>&#8220;15 milyon ki\u015fi \u00fccretsiz ta\u015f\u0131ma hakk\u0131na sahip&#8221;<br \/>\n<br \/>T\u00fcrkiye\u2019de e\u015fi benzeri d\u00fcnyada ba\u015fka bir \u00fclkede g\u00f6r\u00fclmeyen \u00fccretsiz ta\u015f\u0131ma sistemi oldu\u011funu belirten T\u00d6HOB Ba\u015fkan\u0131 Ercan Soyda\u015f, &#8220;\u015eu anda \u00fclke genelinde 9 milyon 700 bin ki\u015fi 65 ya\u015f \u00fcst\u00fc, 4 milyon 400 bin ki\u015fisi ise y\u00fczde 40 ve \u00fczeri engelli raporuna sahip olmak \u00fczere 15 milyon ki\u015fi, \u00f6zel halk otob\u00fcsleri ile \u00fccretsiz seyahat hakk\u0131na sahip. Bu uygulaman\u0131n adil hale getirilmesini bekliyoruz&#8221; dedi.<br \/>\n<br \/>Soyda\u015f, &#8220;\u015eehit ailelerimiz, gazilerimiz ve yak\u0131nlar\u0131n\u0131n ba\u015f\u0131m\u0131z\u0131n \u00fczerinde yeri var. Bunlara kar\u015f\u0131 ne kadar fedakarl\u0131k yapsak azd\u0131r. Ancak sistem o hale geldi ki; Bug\u00fcn \u00fclkemizde 65 ya\u015f \u00fczerinde kim varsa fabrikat\u00f6r\u00fcnden s\u00fcper emeklisine, gayrimenkul zengininden i\u015fadam\u0131na kadar herkes \u00f6zel halk otob\u00fcslerinden \u00fccretsiz faydalan\u0131yor. Oysa T\u00fcrkiye\u2019de bizden ba\u015fka hi\u00e7bir \u00f6zel kurumun b\u00f6ylesine \u00fccretsiz bir hizmeti yok. \u0130lgili Bakanl\u0131\u011f\u0131n buna kar\u015f\u0131n \u00f6dedi\u011fi ayl\u0131k \u00fccret ise sadece 2 g\u00fcnl\u00fck ta\u015f\u0131man\u0131n kar\u015f\u0131l\u0131\u011f\u0131na tekab\u00fcl ediyor. Bunun yan\u0131nda bug\u00fcn \u00fclkemizde y\u00fczde 40 ve \u00fczeri engelli raporuna sahip herkes de \u00fccretsiz ta\u015f\u0131nma hakk\u0131na sahip. Hasta ve engelli ayr\u0131m\u0131 kesinlikle yap\u0131lmal\u0131d\u0131r. Ya\u015fl\u0131lar\u0131m\u0131z ve engellilerimiz bizim de k\u0131ymetlilerimiz ancak t\u00fcm giderlerini yolculuk gelirleriyle kar\u015f\u0131lamak zorunda olan esnaflar\u0131m\u0131za bu kadar y\u00fck bindirilmemeli. Bizim burada talebimiz \u015fu; \u015eehit aileleri, gaziler ve gazi yak\u0131nlar\u0131 ba\u015fta olmak \u00fczere 1980\u2019li y\u0131llardan 2014 y\u0131l\u0131na kadar yasa gere\u011fi \u00fccretsiz ta\u015f\u0131d\u0131klar\u0131m\u0131z\u0131 ta\u015f\u0131yal\u0131m. 2014 y\u0131l\u0131ndan sonra bu sisteme gelir d\u00fczeyi bak\u0131lmaks\u0131z\u0131n 65 ya\u015f \u00fczeri herkes eklenince \u015fu anda 85 milyon n\u00fcfusa sahip \u00fclkemizde 15 milyon ki\u015fiyi \u00fccretsiz ta\u015f\u0131mak zorunday\u0131z. Bu nedenle ilgili yasan\u0131n ihtiya\u00e7 sahiplerini kapsayacak \u015fekilde d\u00fczenlenmesini bekliyoruz. Mevcut durumda 65 ya\u015f\u0131n \u00fczerindeki i\u015fadam\u0131n\u0131 da, ihtiya\u00e7 sahibi olmayan\u0131 da \u00fccretsiz ta\u015f\u0131mak zorunday\u0131z. \u0130htiya\u00e7 sahibi ya\u015fl\u0131m\u0131z\u0131 ta\u015f\u0131yal\u0131m, ancak geliri otob\u00fcs\u00fcn gelirinden kat kat fazla olan zenginleri 65 ya\u015f\u0131n \u00fcst\u00fcnde oldu\u011fu i\u00e7in ta\u015f\u0131mak zorunda kalmam\u0131z\u0131 adil bulmuyoruz&#8221; dedi.<br \/>\n<br \/>Bunun d\u0131\u015f\u0131nda \u015fof\u00f6r esnaf\u0131n\u0131n en b\u00fcy\u00fck s\u0131k\u0131nt\u0131lar\u0131ndan birinin de 2026 y\u0131l\u0131nda uygulanmaya ba\u015flayaca\u011f\u0131 belirtilen basit usul vergilendirme sisteminden ger\u00e7ek usul vergilendirme sistemine ge\u00e7i\u015f oldu\u011funu kaydeden Ba\u015fkan Soyda\u015f, bu uygulaman\u0131n da sekt\u00f6rde ciddi s\u0131k\u0131nt\u0131lara neden olaca\u011f\u0131n\u0131 belirterek, &#8220;Sekt\u00f6re ili\u015fkin sorunlar ve \u00e7\u00f6z\u00fcm \u00f6nerilerini kapsayan dosyalar\u0131m\u0131z\u0131 T\u015eOF Genel Ba\u015fkan\u0131m\u0131zla birlikte haz\u0131rlad\u0131k. E\u011fer t\u00fcm \u015fof\u00f6r esnaf\u0131 ger\u00e7ek usul vergiye tabi tutulursa bu ciddi bir s\u0131k\u0131nt\u0131ya neden olur. Uygulaman\u0131n ertelenerek has\u0131lat esasl\u0131 vergilendirme sisteminin alt yap\u0131s\u0131n\u0131n olu\u015fturulmas\u0131 i\u00e7in zaman verilmesini talep ediyoruz. Bunun yan\u0131nda; Ticari ara\u00e7lar\u0131 ilgilendiren \u2018M\u00fclkiyet Kanunu\u2019 hakk\u0131nda yap\u0131lacak d\u00fczenlemede mevcut ticari ara\u00e7lar\u0131n haklar\u0131n\u0131n korunmas\u0131n\u0131 talep ediyoruz&#8221; dedi.<br \/>\n<br \/>Ayd\u0131n \u015eof\u00f6rler Odas\u0131 Ba\u015fkan\u0131 Semih \u00d6zmeri\u00e7\u2019in ev sahipli\u011finde ger\u00e7ekle\u015ftirilen toplant\u0131ya T\u00d6HOB Ba\u015fkan\u0131 ve ayn\u0131 zamanda T\u015eOF Y\u00f6netim Kurulu \u00fcyesi olan Ercan Soyda\u015f, T\u00d6HOB Ba\u015fkan Yard\u0131mc\u0131s\u0131 ve Okan Yal\u00e7\u0131n, Efeler \u015eehir \u0130\u00e7i Halk Otob\u00fcsleri Kooperatifi Ba\u015fkan\u0131 Nahit Atan ve davetliler kat\u0131ld\u0131.<br \/><\/p>\n","protected":false},"excerpt":{"rendered":"<p>T\u00fcrkiye \u00d6zel Halk Otob\u00fcsleri Birli\u011fi (T\u00d6HOB) ola\u011fan y\u00f6netim kurulu toplant\u0131s\u0131 Ayd\u0131n\u2019da yap\u0131ld\u0131. Ayd\u0131n \u015eof\u00f6rler Odas\u0131\u2019n\u0131n ev sahipli\u011finde ger\u00e7ekle\u015ftirilen toplant\u0131da halk otob\u00fcs\u00fc \u015fof\u00f6rlerinin en b\u00fcy\u00fck s\u0131k\u0131nt\u0131s\u0131n\u0131n adil olmayan \u00fccretsiz ta\u015f\u0131malar oldu\u011fu belirtildi. T\u00d6HOB Ba\u015fkan\u0131 Ercan Soyda\u015f, &#8220;\u015eehrin en l\u00fckse semtinde ya\u015fayan 65 ya\u015f\u0131n \u00fczerindeki fabrikat\u00f6r\u00fc \u00fccretsiz ta\u015f\u0131yor, fabrikat\u00f6r\u00fcn villas\u0131na hizmete gelen temizlik\u00e7iden, tamire gelen i\u015f\u00e7iden \u00fccret&#8230;<\/p>\n","protected":false},"author":1,"featured_media":58515,"comment_status":"open","ping_status":"open","sticky":false,"template":"","format":"standard","meta":{"_crdt_document":"","footnotes":""},"categories":[1],"tags":[],"class_list":["post-58514","post","type-post","status-publish","format-standard","has-post-thumbnail","hentry","category-guncel"],"_links":{"self":[{"href":"https:\/\/www.egemtv.com\/index.php?rest_route=\/wp\/v2\/posts\/58514","targetHints":{"allow":["GET"]}}],"collection":[{"href":"https:\/\/www.egemtv.com\/index.php?rest_route=\/wp\/v2\/posts"}],"about":[{"href":"https:\/\/www.egemtv.com\/index.php?rest_route=\/wp\/v2\/types\/post"}],"author":[{"embeddable":true,"href":"https:\/\/www.egemtv.com\/index.php?rest_route=\/wp\/v2\/users\/1"}],"replies":[{"embeddable":true,"href":"https:\/\/www.egemtv.com\/index.php?rest_route=%2Fwp%2Fv2%2Fcomments&post=58514"}],"version-history":[{"count":1,"href":"https:\/\/www.egemtv.com\/index.php?rest_route=\/wp\/v2\/posts\/58514\/revisions"}],"predecessor-version":[{"id":58516,"href":"https:\/\/www.egemtv.com\/index.php?rest_route=\/wp\/v2\/posts\/58514\/revisions\/58516"}],"wp:featuredmedia":[{"embeddable":true,"href":"https:\/\/www.egemtv.com\/index.php?rest_route=\/wp\/v2\/media\/58515"}],"wp:attachment":[{"href":"https:\/\/www.egemtv.com\/index.php?rest_route=%2Fwp%2Fv2%2Fmedia&parent=58514"}],"wp:term":[{"taxonomy":"category","embeddable":true,"href":"https:\/\/www.egemtv.com\/index.php?rest_route=%2Fwp%2Fv2%2Fcategories&post=58514"},{"taxonomy":"post_tag","embeddable":true,"href":"https:\/\/www.egemtv.com\/index.php?rest_route=%2Fwp%2Fv2%2Ftags&post=58514"}],"curies":[{"name":"wp","href":"https:\/\/api.w.org\/{rel}","templated":true}]}}