{"id":58511,"date":"2025-10-01T12:15:04","date_gmt":"2025-10-01T09:15:04","guid":{"rendered":"https:\/\/www.egemtv.com\/?p=58511"},"modified":"2025-10-01T12:15:12","modified_gmt":"2025-10-01T09:15:12","slug":"muglada-ogrenci-tasimaciliginda-guvenlik-standartlari-yukseliyor","status":"publish","type":"post","link":"https:\/\/www.egemtv.com\/?p=58511","title":{"rendered":"Mu\u011fla\u2019da \u00f6\u011frenci ta\u015f\u0131mac\u0131l\u0131\u011f\u0131nda g\u00fcvenlik standartlar\u0131 y\u00fckseliyor"},"content":{"rendered":"<p>Mu\u011fla \u0130l Sa\u011fl\u0131k M\u00fcd\u00fcrl\u00fc\u011f\u00fc, Emniyet M\u00fcd\u00fcrl\u00fc\u011f\u00fc, Jandarma Trafik \u015eube, Mu\u011fla B\u00fcy\u00fck\u015fehir Belediyesi UKOME ve Mente\u015fe \u0130l\u00e7e Milli E\u011fitim M\u00fcd\u00fcrl\u00fc\u011f\u00fc ortakl\u0131\u011f\u0131nda, \u015eof\u00f6rler Odas\u0131\u2019na ba\u011fl\u0131 s\u00fcr\u00fcc\u00fc ve rehber personele y\u00f6nelik kapsaml\u0131 bir e\u011fitim program\u0131 d\u00fczenlendi.<\/p>\n<p>\u00d6\u011frenci ve yolcu ta\u015f\u0131mac\u0131l\u0131\u011f\u0131nda g\u00fcvenlik standartlar\u0131n\u0131 art\u0131rmay\u0131 hedefleyen e\u011fitimde, kat\u0131l\u0131mc\u0131lar\u0131n g\u00fcnl\u00fck g\u00f6revlerinde ve acil durumlarda daha bilin\u00e7li hareket etmeleri ama\u00e7land\u0131. Program kapsam\u0131nda g\u00fcvenli ve duyarl\u0131 s\u00fcr\u00fc\u015f teknikleri ile trafik mevzuat\u0131na uyum, bir kaza veya sa\u011fl\u0131k sorununda do\u011fru ve h\u0131zl\u0131 ilk yard\u0131m uygulamalar\u0131, ta\u015f\u0131mac\u0131l\u0131kta yasal zorunluluk olan g\u00fczerg\u00e2h belgesinin al\u0131nmas\u0131 ve takibi konular\u0131 ele al\u0131nd\u0131.<\/p>\n<p>Verilen e\u011fitimle personellerin hem trafik kurallar\u0131na uyum hem de acil durumlara m\u00fcdahale konusunda donan\u0131ml\u0131 hale geldi\u011fi vurguland\u0131.<br \/><\/p>\n","protected":false},"excerpt":{"rendered":"<p>Mu\u011fla \u0130l Sa\u011fl\u0131k M\u00fcd\u00fcrl\u00fc\u011f\u00fc, Emniyet M\u00fcd\u00fcrl\u00fc\u011f\u00fc, Jandarma Trafik \u015eube, Mu\u011fla B\u00fcy\u00fck\u015fehir Belediyesi UKOME ve Mente\u015fe \u0130l\u00e7e Milli E\u011fitim M\u00fcd\u00fcrl\u00fc\u011f\u00fc ortakl\u0131\u011f\u0131nda, \u015eof\u00f6rler Odas\u0131\u2019na ba\u011fl\u0131 s\u00fcr\u00fcc\u00fc ve rehber personele y\u00f6nelik kapsaml\u0131 bir e\u011fitim program\u0131 d\u00fczenlendi. \u00d6\u011frenci ve yolcu ta\u015f\u0131mac\u0131l\u0131\u011f\u0131nda g\u00fcvenlik standartlar\u0131n\u0131 art\u0131rmay\u0131 hedefleyen e\u011fitimde, kat\u0131l\u0131mc\u0131lar\u0131n g\u00fcnl\u00fck g\u00f6revlerinde ve acil durumlarda daha bilin\u00e7li hareket etmeleri ama\u00e7land\u0131. Program kapsam\u0131nda&#8230;<\/p>\n","protected":false},"author":1,"featured_media":58512,"comment_status":"open","ping_status":"open","sticky":false,"template":"","format":"standard","meta":{"_crdt_document":"","footnotes":""},"categories":[1],"tags":[],"class_list":["post-58511","post","type-post","status-publish","format-standard","has-post-thumbnail","hentry","category-guncel"],"_links":{"self":[{"href":"https:\/\/www.egemtv.com\/index.php?rest_route=\/wp\/v2\/posts\/58511","targetHints":{"allow":["GET"]}}],"collection":[{"href":"https:\/\/www.egemtv.com\/index.php?rest_route=\/wp\/v2\/posts"}],"about":[{"href":"https:\/\/www.egemtv.com\/index.php?rest_route=\/wp\/v2\/types\/post"}],"author":[{"embeddable":true,"href":"https:\/\/www.egemtv.com\/index.php?rest_route=\/wp\/v2\/users\/1"}],"replies":[{"embeddable":true,"href":"https:\/\/www.egemtv.com\/index.php?rest_route=%2Fwp%2Fv2%2Fcomments&post=58511"}],"version-history":[{"count":1,"href":"https:\/\/www.egemtv.com\/index.php?rest_route=\/wp\/v2\/posts\/58511\/revisions"}],"predecessor-version":[{"id":58513,"href":"https:\/\/www.egemtv.com\/index.php?rest_route=\/wp\/v2\/posts\/58511\/revisions\/58513"}],"wp:featuredmedia":[{"embeddable":true,"href":"https:\/\/www.egemtv.com\/index.php?rest_route=\/wp\/v2\/media\/58512"}],"wp:attachment":[{"href":"https:\/\/www.egemtv.com\/index.php?rest_route=%2Fwp%2Fv2%2Fmedia&parent=58511"}],"wp:term":[{"taxonomy":"category","embeddable":true,"href":"https:\/\/www.egemtv.com\/index.php?rest_route=%2Fwp%2Fv2%2Fcategories&post=58511"},{"taxonomy":"post_tag","embeddable":true,"href":"https:\/\/www.egemtv.com\/index.php?rest_route=%2Fwp%2Fv2%2Ftags&post=58511"}],"curies":[{"name":"wp","href":"https:\/\/api.w.org\/{rel}","templated":true}]}}