{"id":58502,"date":"2025-10-01T11:54:59","date_gmt":"2025-10-01T08:54:59","guid":{"rendered":"https:\/\/www.egemtv.com\/?p=58502"},"modified":"2025-10-01T11:55:01","modified_gmt":"2025-10-01T08:55:01","slug":"izmirde-kan-donduran-iddia-anne-bebegini-koprunun-altina-gomdu","status":"publish","type":"post","link":"https:\/\/www.egemtv.com\/?p=58502","title":{"rendered":"\u0130zmir\u2019de kan donduran iddia: Anne, bebe\u011fini k\u00f6pr\u00fcn\u00fcn alt\u0131na g\u00f6md\u00fc"},"content":{"rendered":"<p>\u0130zmir\u2019in Tire il\u00e7esinde ya\u015fayan bir kad\u0131n\u0131n, evlilik d\u0131\u015f\u0131 yeni do\u011fan bebe\u011fini \u00e7uvala koyarak k\u00f6pr\u00fcn\u00fcn alt\u0131na g\u00f6md\u00fc\u011f\u00fc iddia edildi. Kan donduran iddia \u00fczerine harekete ge\u00e7en savc\u0131l\u0131k, anneyi ve ailesini g\u00f6zalt\u0131na al\u0131rken \u015f\u00fcpheli annenin 5 y\u0131l \u00f6nce de pazarda do\u011furdu\u011fu bebe\u011fini tezgahta \u00f6l\u00fcme terk etti\u011fi ortaya \u00e7\u0131kt\u0131.<br \/>\n<br \/>Olay Tire il\u00e7esine ba\u011fl\u0131 k\u0131rsal Sar\u0131lar Mahallesi\u2019nde meydana geldi. \u0130ddiaya g\u00f6re Hatice D. (34) isimli bir kad\u0131n, evlilik d\u0131\u015f\u0131 d\u00fcnyaya getirdi\u011fi bebe\u011fini \u00e7uvala koyarak k\u00f6pr\u00fcn\u00fcn alt\u0131na g\u00f6md\u00fc. Hatice D.\u2019nin annesinin jandarmaya giderek olay\u0131 itiraf etmesi \u00fczerine harekete ge\u00e7ildi ve savc\u0131l\u0131k talimat\u0131yla Hatice D. ve aile fertleri g\u00f6zalt\u0131na al\u0131n\u0131rken, jandarma k\u00f6pe\u011fiyle b\u00f6lgede arama \u00e7al\u0131\u015fmalar\u0131 s\u00fcr\u00fcyor.<\/p>\n<p>Kordon ba\u011f\u0131 bulundu, bedene ula\u015f\u0131lamad\u0131<br \/>\n<br \/>B\u00f6lgede yap\u0131lan ilk aramalarda, g\u00f6m\u00fcld\u00fc\u011f\u00fc \u00f6ne s\u00fcr\u00fclen yerde bebe\u011fe ait kordon ba\u011f\u0131na rastland\u0131. Ancak hen\u00fcz bebe\u011fin bedenine ula\u015f\u0131lamad\u0131. Jandarma ekipleri, \u00f6zel e\u011fitimli k\u00f6peklerle k\u00f6pr\u00fc \u00e7evresinde arama \u00e7al\u0131\u015fmalar\u0131n\u0131 s\u00fcrd\u00fcr\u00fcyor.<\/p>\n<p>Anne ve ailesi g\u00f6zalt\u0131nda<br \/>\n<br \/>Olay\u0131n ard\u0131ndan H.D. ile birlikte annesi, babas\u0131 ve baz\u0131 yak\u0131nlar\u0131 g\u00f6zalt\u0131na al\u0131nd\u0131. G\u00f6zalt\u0131ndaki \u015f\u00fcphelilerin ifadelerinin al\u0131nmaya devam etti\u011fi \u00f6\u011frenildi.<\/p>\n<p>5 y\u0131l \u00f6nce de benzer bir olay ya\u015fanm\u0131\u015ft\u0131<br \/>\n<br \/>H.D.\u2019nin 2019 y\u0131l\u0131nda da Tire Cuma Pazar\u0131\u2019nda \u015falvar\u0131n\u0131n i\u00e7inde do\u011fum yapt\u0131\u011f\u0131, ard\u0131ndan bebe\u011fi tezgah\u0131n alt\u0131na b\u0131rakt\u0131\u011f\u0131 ortaya \u00e7\u0131kt\u0131. A\u011flama seslerini duyan vatanda\u015flar\u0131n ihbar\u0131yla hastaneye kald\u0131r\u0131lan bebek, yap\u0131lan t\u00fcm m\u00fcdahalelere ra\u011fmen kurtar\u0131lamam\u0131\u015ft\u0131.<\/p>\n<p>Soru\u015fturma s\u00fcr\u00fcyor<br \/>\n<br \/>Tire Cumhuriyet Ba\u015fsavc\u0131l\u0131\u011f\u0131\u2019n\u0131n talimat\u0131yla ba\u015flat\u0131lan soru\u015fturma titizlikle y\u00fcr\u00fct\u00fcl\u00fcrken, bebe\u011fin bulunmas\u0131 i\u00e7in jandarma ekiplerinin \u00e7al\u0131\u015fmalar\u0131 devam ediyor.<br \/><\/p>\n","protected":false},"excerpt":{"rendered":"<p>\u0130zmir\u2019in Tire il\u00e7esinde ya\u015fayan bir kad\u0131n\u0131n, evlilik d\u0131\u015f\u0131 yeni do\u011fan bebe\u011fini \u00e7uvala koyarak k\u00f6pr\u00fcn\u00fcn alt\u0131na g\u00f6md\u00fc\u011f\u00fc iddia edildi. Kan donduran iddia \u00fczerine harekete ge\u00e7en savc\u0131l\u0131k, anneyi ve ailesini g\u00f6zalt\u0131na al\u0131rken \u015f\u00fcpheli annenin 5 y\u0131l \u00f6nce de pazarda do\u011furdu\u011fu bebe\u011fini tezgahta \u00f6l\u00fcme terk etti\u011fi ortaya \u00e7\u0131kt\u0131. Olay Tire il\u00e7esine ba\u011fl\u0131 k\u0131rsal Sar\u0131lar Mahallesi\u2019nde meydana geldi. \u0130ddiaya&#8230;<\/p>\n","protected":false},"author":1,"featured_media":58503,"comment_status":"open","ping_status":"open","sticky":false,"template":"","format":"standard","meta":{"_crdt_document":"","footnotes":""},"categories":[5],"tags":[],"class_list":["post-58502","post","type-post","status-publish","format-standard","has-post-thumbnail","hentry","category-asayis"],"_links":{"self":[{"href":"https:\/\/www.egemtv.com\/index.php?rest_route=\/wp\/v2\/posts\/58502","targetHints":{"allow":["GET"]}}],"collection":[{"href":"https:\/\/www.egemtv.com\/index.php?rest_route=\/wp\/v2\/posts"}],"about":[{"href":"https:\/\/www.egemtv.com\/index.php?rest_route=\/wp\/v2\/types\/post"}],"author":[{"embeddable":true,"href":"https:\/\/www.egemtv.com\/index.php?rest_route=\/wp\/v2\/users\/1"}],"replies":[{"embeddable":true,"href":"https:\/\/www.egemtv.com\/index.php?rest_route=%2Fwp%2Fv2%2Fcomments&post=58502"}],"version-history":[{"count":1,"href":"https:\/\/www.egemtv.com\/index.php?rest_route=\/wp\/v2\/posts\/58502\/revisions"}],"predecessor-version":[{"id":58504,"href":"https:\/\/www.egemtv.com\/index.php?rest_route=\/wp\/v2\/posts\/58502\/revisions\/58504"}],"wp:featuredmedia":[{"embeddable":true,"href":"https:\/\/www.egemtv.com\/index.php?rest_route=\/wp\/v2\/media\/58503"}],"wp:attachment":[{"href":"https:\/\/www.egemtv.com\/index.php?rest_route=%2Fwp%2Fv2%2Fmedia&parent=58502"}],"wp:term":[{"taxonomy":"category","embeddable":true,"href":"https:\/\/www.egemtv.com\/index.php?rest_route=%2Fwp%2Fv2%2Fcategories&post=58502"},{"taxonomy":"post_tag","embeddable":true,"href":"https:\/\/www.egemtv.com\/index.php?rest_route=%2Fwp%2Fv2%2Ftags&post=58502"}],"curies":[{"name":"wp","href":"https:\/\/api.w.org\/{rel}","templated":true}]}}