{"id":58499,"date":"2025-10-01T11:35:36","date_gmt":"2025-10-01T08:35:36","guid":{"rendered":"https:\/\/www.egemtv.com\/?p=58499"},"modified":"2025-10-01T11:35:38","modified_gmt":"2025-10-01T08:35:38","slug":"koycegiz-fen-lisesinden-cevre-temizligi-etkinligi","status":"publish","type":"post","link":"https:\/\/www.egemtv.com\/?p=58499","title":{"rendered":"K\u00f6yce\u011fiz Fen Lisesi\u2019nden \u00e7evre temizli\u011fi etkinli\u011fi"},"content":{"rendered":"<p>Mu\u011fla\u2019n\u0131n K\u00f6yce\u011fiz il\u00e7esinde Fen Lisesi \u2018Bilimle B\u00fcy\u00fc, Do\u011fay\u0131 Koru\u2019 temas\u0131 kapsam\u0131nda \u00e7evre temizli\u011fi etkinli\u011fi ger\u00e7ekle\u015ftirdi.<\/p>\n<p>K\u00f6yce\u011fiz Fen Lisesi \u00f6\u011fretmen ve \u00f6\u011frencileri ile birlikte sabah saatlerinden itibaren il\u00e7e genelinde ve s\u0131\u011fla orman\u0131nda temizlik \u00e7al\u0131\u015fmalar\u0131 yapt\u0131. \u00d6\u011frenciler ellerindeki eldivenler ve \u00e7\u00f6p torbalar\u0131yla hem b\u00fcy\u00fck bir dikkat hem de \u00e7evre bilinci i\u00e7inde \u00e7evreyi temizlediler. Etkinlik s\u0131ras\u0131nda, \u00f6\u011fretmenleri taraf\u0131ndan do\u011fan\u0131n korunmas\u0131n\u0131n \u00f6nemi ve \u2018Bilimle B\u00fcy\u00fc, Do\u011fay\u0131 Koru\u2019 temas\u0131 ile ilgili k\u0131sa bilgilendirme yap\u0131ld\u0131. Etkinlik sonunda yap\u0131lan de\u011ferlendirmede, \u00f6\u011frenciler \u00e7evre temizli\u011fine katk\u0131da bulunmaktan dolay\u0131 b\u00fcy\u00fck bir memnuniyet ya\u015fad\u0131. K\u00f6yce\u011fiz Fen Lisesi\u2019nden yap\u0131lan a\u00e7\u0131klamada, &#8220;\u00d6\u011frencilerin \u00e7evreye olan duyarl\u0131l\u0131\u011f\u0131n\u0131 art\u0131rmak ve \u00e7evreyi g\u00fczelle\u015ftirmek i\u00e7in at\u0131lan bu ad\u0131mlar, okul toplulu\u011funun \u00e7evreye olan ba\u011fl\u0131l\u0131\u011f\u0131n\u0131 peki\u015ftiriyor&#8221; ifadeleri kullan\u0131ld\u0131.<br \/><\/p>\n","protected":false},"excerpt":{"rendered":"<p>Mu\u011fla\u2019n\u0131n K\u00f6yce\u011fiz il\u00e7esinde Fen Lisesi \u2018Bilimle B\u00fcy\u00fc, Do\u011fay\u0131 Koru\u2019 temas\u0131 kapsam\u0131nda \u00e7evre temizli\u011fi etkinli\u011fi ger\u00e7ekle\u015ftirdi. K\u00f6yce\u011fiz Fen Lisesi \u00f6\u011fretmen ve \u00f6\u011frencileri ile birlikte sabah saatlerinden itibaren il\u00e7e genelinde ve s\u0131\u011fla orman\u0131nda temizlik \u00e7al\u0131\u015fmalar\u0131 yapt\u0131. \u00d6\u011frenciler ellerindeki eldivenler ve \u00e7\u00f6p torbalar\u0131yla hem b\u00fcy\u00fck bir dikkat hem de \u00e7evre bilinci i\u00e7inde \u00e7evreyi temizlediler. Etkinlik s\u0131ras\u0131nda, \u00f6\u011fretmenleri taraf\u0131ndan&#8230;<\/p>\n","protected":false},"author":1,"featured_media":58500,"comment_status":"open","ping_status":"open","sticky":false,"template":"","format":"standard","meta":{"_crdt_document":"","footnotes":""},"categories":[1],"tags":[],"class_list":["post-58499","post","type-post","status-publish","format-standard","has-post-thumbnail","hentry","category-guncel"],"_links":{"self":[{"href":"https:\/\/www.egemtv.com\/index.php?rest_route=\/wp\/v2\/posts\/58499","targetHints":{"allow":["GET"]}}],"collection":[{"href":"https:\/\/www.egemtv.com\/index.php?rest_route=\/wp\/v2\/posts"}],"about":[{"href":"https:\/\/www.egemtv.com\/index.php?rest_route=\/wp\/v2\/types\/post"}],"author":[{"embeddable":true,"href":"https:\/\/www.egemtv.com\/index.php?rest_route=\/wp\/v2\/users\/1"}],"replies":[{"embeddable":true,"href":"https:\/\/www.egemtv.com\/index.php?rest_route=%2Fwp%2Fv2%2Fcomments&post=58499"}],"version-history":[{"count":1,"href":"https:\/\/www.egemtv.com\/index.php?rest_route=\/wp\/v2\/posts\/58499\/revisions"}],"predecessor-version":[{"id":58501,"href":"https:\/\/www.egemtv.com\/index.php?rest_route=\/wp\/v2\/posts\/58499\/revisions\/58501"}],"wp:featuredmedia":[{"embeddable":true,"href":"https:\/\/www.egemtv.com\/index.php?rest_route=\/wp\/v2\/media\/58500"}],"wp:attachment":[{"href":"https:\/\/www.egemtv.com\/index.php?rest_route=%2Fwp%2Fv2%2Fmedia&parent=58499"}],"wp:term":[{"taxonomy":"category","embeddable":true,"href":"https:\/\/www.egemtv.com\/index.php?rest_route=%2Fwp%2Fv2%2Fcategories&post=58499"},{"taxonomy":"post_tag","embeddable":true,"href":"https:\/\/www.egemtv.com\/index.php?rest_route=%2Fwp%2Fv2%2Ftags&post=58499"}],"curies":[{"name":"wp","href":"https:\/\/api.w.org\/{rel}","templated":true}]}}