{"id":58496,"date":"2025-10-01T11:35:32","date_gmt":"2025-10-01T08:35:32","guid":{"rendered":"https:\/\/www.egemtv.com\/?p=58496"},"modified":"2025-10-01T11:35:34","modified_gmt":"2025-10-01T08:35:34","slug":"buharkent-kapali-pazaryerinde-cemiyet-yapilabilecek","status":"publish","type":"post","link":"https:\/\/www.egemtv.com\/?p=58496","title":{"rendered":"Buharkent Kapal\u0131 Pazaryeri\u2019nde cemiyet yap\u0131labilecek"},"content":{"rendered":"<p>Buharkent Belediyesi taraf\u0131ndan yap\u0131lan Kapal\u0131 Pazaryeri\u2019nin birinci ve zemin kat\u0131nda vatanda\u015flar cemiyetini ger\u00e7ekle\u015ftirebilecek.<br \/>\n<br \/>Ba\u015fkan Erol konuyla ilgili yapt\u0131\u011f\u0131 a\u00e7\u0131klamada, &#8220;Kapal\u0131 Pazaryeri\u2019mizin zemin ve birinci katlar\u0131n\u0131; d\u00fc\u011f\u00fcn, ni\u015fan, s\u00fcnnet, hay\u0131r yeme\u011fi gibi cemiyetler yap\u0131lmas\u0131 i\u00e7in hem\u015fehrilerimizin hizmetine sunuyoruz.<br \/>\n<br \/>Her iki kat\u0131n ayr\u0131 ayr\u0131 kullan\u0131ma uygun olmas\u0131 sayesinde ayn\u0131 anda iki farkl\u0131 cemiyet ger\u00e7ekle\u015ftirilebilecek. Bug\u00fcnden itibaren so\u011fuktan, ya\u011fmurdan ve olumsuz hava \u015fartlar\u0131ndan etkilenmeden, temiz ve nezih bir ortamda cemiyetlerini yapabilecekler. Talepte bulunmak isteyen vatanda\u015flar\u0131m\u0131z belediyemize ba\u015fvuru yapabilir. \u0130l\u00e7emize hay\u0131rl\u0131, u\u011furlu olsun&#8221; dedi.<br \/><\/p>\n","protected":false},"excerpt":{"rendered":"<p>Buharkent Belediyesi taraf\u0131ndan yap\u0131lan Kapal\u0131 Pazaryeri\u2019nin birinci ve zemin kat\u0131nda vatanda\u015flar cemiyetini ger\u00e7ekle\u015ftirebilecek. Ba\u015fkan Erol konuyla ilgili yapt\u0131\u011f\u0131 a\u00e7\u0131klamada, &#8220;Kapal\u0131 Pazaryeri\u2019mizin zemin ve birinci katlar\u0131n\u0131; d\u00fc\u011f\u00fcn, ni\u015fan, s\u00fcnnet, hay\u0131r yeme\u011fi gibi cemiyetler yap\u0131lmas\u0131 i\u00e7in hem\u015fehrilerimizin hizmetine sunuyoruz. Her iki kat\u0131n ayr\u0131 ayr\u0131 kullan\u0131ma uygun olmas\u0131 sayesinde ayn\u0131 anda iki farkl\u0131 cemiyet ger\u00e7ekle\u015ftirilebilecek. Bug\u00fcnden itibaren so\u011fuktan,&#8230;<\/p>\n","protected":false},"author":1,"featured_media":58497,"comment_status":"open","ping_status":"open","sticky":false,"template":"","format":"standard","meta":{"_crdt_document":"","footnotes":""},"categories":[1],"tags":[],"class_list":["post-58496","post","type-post","status-publish","format-standard","has-post-thumbnail","hentry","category-guncel"],"_links":{"self":[{"href":"https:\/\/www.egemtv.com\/index.php?rest_route=\/wp\/v2\/posts\/58496","targetHints":{"allow":["GET"]}}],"collection":[{"href":"https:\/\/www.egemtv.com\/index.php?rest_route=\/wp\/v2\/posts"}],"about":[{"href":"https:\/\/www.egemtv.com\/index.php?rest_route=\/wp\/v2\/types\/post"}],"author":[{"embeddable":true,"href":"https:\/\/www.egemtv.com\/index.php?rest_route=\/wp\/v2\/users\/1"}],"replies":[{"embeddable":true,"href":"https:\/\/www.egemtv.com\/index.php?rest_route=%2Fwp%2Fv2%2Fcomments&post=58496"}],"version-history":[{"count":1,"href":"https:\/\/www.egemtv.com\/index.php?rest_route=\/wp\/v2\/posts\/58496\/revisions"}],"predecessor-version":[{"id":58498,"href":"https:\/\/www.egemtv.com\/index.php?rest_route=\/wp\/v2\/posts\/58496\/revisions\/58498"}],"wp:featuredmedia":[{"embeddable":true,"href":"https:\/\/www.egemtv.com\/index.php?rest_route=\/wp\/v2\/media\/58497"}],"wp:attachment":[{"href":"https:\/\/www.egemtv.com\/index.php?rest_route=%2Fwp%2Fv2%2Fmedia&parent=58496"}],"wp:term":[{"taxonomy":"category","embeddable":true,"href":"https:\/\/www.egemtv.com\/index.php?rest_route=%2Fwp%2Fv2%2Fcategories&post=58496"},{"taxonomy":"post_tag","embeddable":true,"href":"https:\/\/www.egemtv.com\/index.php?rest_route=%2Fwp%2Fv2%2Ftags&post=58496"}],"curies":[{"name":"wp","href":"https:\/\/api.w.org\/{rel}","templated":true}]}}