{"id":58493,"date":"2025-10-01T10:55:56","date_gmt":"2025-10-01T07:55:56","guid":{"rendered":"https:\/\/www.egemtv.com\/?p=58493"},"modified":"2025-10-01T10:55:58","modified_gmt":"2025-10-01T07:55:58","slug":"baskan-cercioglundan-incirliova-ve-efeleri-birbirine-baglayacak-proje","status":"publish","type":"post","link":"https:\/\/www.egemtv.com\/?p=58493","title":{"rendered":"Ba\u015fkan \u00c7er\u00e7io\u011flu\u2019ndan \u0130ncirliova ve Efeler\u2019i birbirine ba\u011flayacak proje"},"content":{"rendered":"<p>Ayd\u0131n B\u00fcy\u00fck\u015fehir Belediyesi, kentte yap\u0131m\u0131 s\u00fcren \u015eehir Hastanesi\u2019ne ula\u015f\u0131m\u0131 kolayla\u015ft\u0131racak yeni yol i\u00e7in \u00e7al\u0131\u015fmalara ba\u015flad\u0131.<br \/>\n<br \/>Fen \u0130\u015fleri Dairesi Ba\u015fkanl\u0131\u011f\u0131 ekipleri taraf\u0131ndan Acarlar Mahallesi ile Kazakkahvesi mevkiinden \u015eehir Hastanesi\u2019ne uzanacak, iki g\u00fczergahl\u0131 6 bin 500 metre uzunlu\u011fundaki yolun kaz\u0131 ve reglaj i\u015flemleri ba\u015flat\u0131ld\u0131. K\u0131sa s\u00fcre i\u00e7erisinde temel malzeme ve s\u0131cak asfalt serimi ile otokorkuluk yap\u0131m\u0131 ve \u00e7izgi \u00e7al\u0131\u015fmalar\u0131 da tamamlanacak olan yeni yol, \u015eehir Hastanesi\u2019nin a\u00e7\u0131l\u0131\u015f\u0131yla birlikte vatanda\u015flar\u0131n hizmetine sunulacak. Yol, \u0130ncirliova il\u00e7esi ile Efeler il\u00e7esi aras\u0131nda yeni bir rota olu\u015fturacak.<br \/>\n<br \/>Kent genelinde yat\u0131r\u0131m, proje, hizmet ve \u00e7al\u0131\u015fmalar\u0131n\u0131n devam edece\u011fini belirten Ayd\u0131n B\u00fcy\u00fck\u015fehir Belediye Ba\u015fkan\u0131 \u00d6zlem \u00c7er\u00e7io\u011flu, &#8220;G\u00fczel Ayd\u0131n\u0131m\u0131z i\u00e7in \u00e7al\u0131\u015fmaya devam ediyoruz. \u015eehir Hastanesi tamamland\u0131\u011f\u0131nda hem\u015fehrilerimizin en h\u0131zl\u0131 \u015fekilde sa\u011fl\u0131k hizmetine ula\u015fabilmesi i\u00e7in gerekli haz\u0131rl\u0131klar\u0131 yap\u0131yoruz. Yolumuzu da hastane a\u00e7\u0131lmadan \u00f6nce haz\u0131r hale getirece\u011fiz ve ayn\u0131 zamanda \u0130ncirliova ile Efeler il\u00e7eleri aras\u0131nda yeni bir alternatif rota olu\u015fturaca\u011f\u0131z. B\u00fcy\u00fck\u015fehir Belediyesi olarak 17 il\u00e7emizin tamam\u0131nda hizmetlerimizi s\u00fcrd\u00fcrecek, vatanda\u015flar\u0131m\u0131z\u0131 yat\u0131r\u0131mlar\u0131m\u0131zla bulu\u015fturmaya devam edece\u011fiz&#8221; ifadelerini kulland\u0131.<br \/>\n<br \/>Vatanda\u015flar, hizmetlerinden dolay\u0131 Ba\u015fkan \u00c7er\u00e7io\u011flu\u2019na te\u015fekk\u00fcr etti.<br \/><\/p>\n","protected":false},"excerpt":{"rendered":"<p>Ayd\u0131n B\u00fcy\u00fck\u015fehir Belediyesi, kentte yap\u0131m\u0131 s\u00fcren \u015eehir Hastanesi\u2019ne ula\u015f\u0131m\u0131 kolayla\u015ft\u0131racak yeni yol i\u00e7in \u00e7al\u0131\u015fmalara ba\u015flad\u0131. Fen \u0130\u015fleri Dairesi Ba\u015fkanl\u0131\u011f\u0131 ekipleri taraf\u0131ndan Acarlar Mahallesi ile Kazakkahvesi mevkiinden \u015eehir Hastanesi\u2019ne uzanacak, iki g\u00fczergahl\u0131 6 bin 500 metre uzunlu\u011fundaki yolun kaz\u0131 ve reglaj i\u015flemleri ba\u015flat\u0131ld\u0131. K\u0131sa s\u00fcre i\u00e7erisinde temel malzeme ve s\u0131cak asfalt serimi ile otokorkuluk yap\u0131m\u0131 ve&#8230;<\/p>\n","protected":false},"author":1,"featured_media":58494,"comment_status":"open","ping_status":"open","sticky":false,"template":"","format":"standard","meta":{"_crdt_document":"","footnotes":""},"categories":[1],"tags":[],"class_list":["post-58493","post","type-post","status-publish","format-standard","has-post-thumbnail","hentry","category-guncel"],"_links":{"self":[{"href":"https:\/\/www.egemtv.com\/index.php?rest_route=\/wp\/v2\/posts\/58493","targetHints":{"allow":["GET"]}}],"collection":[{"href":"https:\/\/www.egemtv.com\/index.php?rest_route=\/wp\/v2\/posts"}],"about":[{"href":"https:\/\/www.egemtv.com\/index.php?rest_route=\/wp\/v2\/types\/post"}],"author":[{"embeddable":true,"href":"https:\/\/www.egemtv.com\/index.php?rest_route=\/wp\/v2\/users\/1"}],"replies":[{"embeddable":true,"href":"https:\/\/www.egemtv.com\/index.php?rest_route=%2Fwp%2Fv2%2Fcomments&post=58493"}],"version-history":[{"count":1,"href":"https:\/\/www.egemtv.com\/index.php?rest_route=\/wp\/v2\/posts\/58493\/revisions"}],"predecessor-version":[{"id":58495,"href":"https:\/\/www.egemtv.com\/index.php?rest_route=\/wp\/v2\/posts\/58493\/revisions\/58495"}],"wp:featuredmedia":[{"embeddable":true,"href":"https:\/\/www.egemtv.com\/index.php?rest_route=\/wp\/v2\/media\/58494"}],"wp:attachment":[{"href":"https:\/\/www.egemtv.com\/index.php?rest_route=%2Fwp%2Fv2%2Fmedia&parent=58493"}],"wp:term":[{"taxonomy":"category","embeddable":true,"href":"https:\/\/www.egemtv.com\/index.php?rest_route=%2Fwp%2Fv2%2Fcategories&post=58493"},{"taxonomy":"post_tag","embeddable":true,"href":"https:\/\/www.egemtv.com\/index.php?rest_route=%2Fwp%2Fv2%2Ftags&post=58493"}],"curies":[{"name":"wp","href":"https:\/\/api.w.org\/{rel}","templated":true}]}}