{"id":58490,"date":"2025-10-01T10:55:53","date_gmt":"2025-10-01T07:55:53","guid":{"rendered":"https:\/\/www.egemtv.com\/?p=58490"},"modified":"2025-10-01T10:55:55","modified_gmt":"2025-10-01T07:55:55","slug":"son-teknolojiyle-donatilmis-toplumsal-olaylara-mudahale-araci-denizlide-goreve-basladi","status":"publish","type":"post","link":"https:\/\/www.egemtv.com\/?p=58490","title":{"rendered":"Son teknolojiyle donat\u0131lm\u0131\u015f toplumsal olaylara m\u00fcdahale arac\u0131 Denizli\u2019de g\u00f6reve ba\u015flad\u0131"},"content":{"rendered":"<p>Denizli \u0130l Emniyet M\u00fcd\u00fcrl\u00fc\u011f\u00fc ara\u00e7 envanterine, toplumsal olaylara m\u00fcdahalede kullanmak amac\u0131yla bir adet ses yay\u0131n arac\u0131 eklendi.<br \/>\n<br \/>Denizli \u0130l Emniyet M\u00fcd\u00fcrl\u00fc\u011f\u00fc, halk\u0131n huzur ve g\u00fcveninin korunmas\u0131nda katk\u0131 sunmas\u0131 amac\u0131yla en envanterine yeni ara\u00e7 ekledi. Denizli\u2019nin g\u00fcvenli\u011fini tehdit edebilecek bir toplumsal olaylarda kalabal\u0131klar\u0131 y\u00f6nlendirmek, sesli anons yapmak ve su\u00e7 unsurlar\u0131n\u0131 kay\u0131t alt\u0131na almak amac\u0131yla bir adet ses yay\u0131n ve g\u00f6r\u00fcnt\u00fc kay\u0131t arac\u0131 eklendi.<\/p>\n<p>Son sistem teknolojiyle donan\u0131ml\u0131 ses yay\u0131n ve g\u00f6r\u00fcnt\u00fc kay\u0131t arac\u0131, 4 y\u00f6n sabit, 1 hareketli olmak \u00fczere toplam 5 kamera sistemi ve7 hoparl\u00f6r ile g\u00fc\u00e7l\u00fc ses sistemiyle Denizli\u2019nin g\u00fcvenli\u011fine sa\u011flamaya katk\u0131 sa\u011flayacak.<br \/><\/p>\n","protected":false},"excerpt":{"rendered":"<p>Denizli \u0130l Emniyet M\u00fcd\u00fcrl\u00fc\u011f\u00fc ara\u00e7 envanterine, toplumsal olaylara m\u00fcdahalede kullanmak amac\u0131yla bir adet ses yay\u0131n arac\u0131 eklendi. Denizli \u0130l Emniyet M\u00fcd\u00fcrl\u00fc\u011f\u00fc, halk\u0131n huzur ve g\u00fcveninin korunmas\u0131nda katk\u0131 sunmas\u0131 amac\u0131yla en envanterine yeni ara\u00e7 ekledi. Denizli\u2019nin g\u00fcvenli\u011fini tehdit edebilecek bir toplumsal olaylarda kalabal\u0131klar\u0131 y\u00f6nlendirmek, sesli anons yapmak ve su\u00e7 unsurlar\u0131n\u0131 kay\u0131t alt\u0131na almak amac\u0131yla bir adet&#8230;<\/p>\n","protected":false},"author":1,"featured_media":58491,"comment_status":"open","ping_status":"open","sticky":false,"template":"","format":"standard","meta":{"_crdt_document":"","footnotes":""},"categories":[5],"tags":[],"class_list":["post-58490","post","type-post","status-publish","format-standard","has-post-thumbnail","hentry","category-asayis"],"_links":{"self":[{"href":"https:\/\/www.egemtv.com\/index.php?rest_route=\/wp\/v2\/posts\/58490","targetHints":{"allow":["GET"]}}],"collection":[{"href":"https:\/\/www.egemtv.com\/index.php?rest_route=\/wp\/v2\/posts"}],"about":[{"href":"https:\/\/www.egemtv.com\/index.php?rest_route=\/wp\/v2\/types\/post"}],"author":[{"embeddable":true,"href":"https:\/\/www.egemtv.com\/index.php?rest_route=\/wp\/v2\/users\/1"}],"replies":[{"embeddable":true,"href":"https:\/\/www.egemtv.com\/index.php?rest_route=%2Fwp%2Fv2%2Fcomments&post=58490"}],"version-history":[{"count":1,"href":"https:\/\/www.egemtv.com\/index.php?rest_route=\/wp\/v2\/posts\/58490\/revisions"}],"predecessor-version":[{"id":58492,"href":"https:\/\/www.egemtv.com\/index.php?rest_route=\/wp\/v2\/posts\/58490\/revisions\/58492"}],"wp:featuredmedia":[{"embeddable":true,"href":"https:\/\/www.egemtv.com\/index.php?rest_route=\/wp\/v2\/media\/58491"}],"wp:attachment":[{"href":"https:\/\/www.egemtv.com\/index.php?rest_route=%2Fwp%2Fv2%2Fmedia&parent=58490"}],"wp:term":[{"taxonomy":"category","embeddable":true,"href":"https:\/\/www.egemtv.com\/index.php?rest_route=%2Fwp%2Fv2%2Fcategories&post=58490"},{"taxonomy":"post_tag","embeddable":true,"href":"https:\/\/www.egemtv.com\/index.php?rest_route=%2Fwp%2Fv2%2Ftags&post=58490"}],"curies":[{"name":"wp","href":"https:\/\/api.w.org\/{rel}","templated":true}]}}