{"id":58487,"date":"2025-10-01T10:55:50","date_gmt":"2025-10-01T07:55:50","guid":{"rendered":"https:\/\/www.egemtv.com\/?p=58487"},"modified":"2025-10-01T10:55:52","modified_gmt":"2025-10-01T07:55:52","slug":"renkli-dusler-duvar-projesi-cocuklarin-hayatina-renk-katti","status":"publish","type":"post","link":"https:\/\/www.egemtv.com\/?p=58487","title":{"rendered":"Renkli D\u00fc\u015fler Duvar Projesi \u00e7ocuklar\u0131n hayat\u0131na renk katt\u0131"},"content":{"rendered":"<p>U\u015fak Aile ve Sosyal Hizmetler \u0130l M\u00fcd\u00fcrl\u00fc\u011f\u00fc \u00c7ocuk Evleri Koordinasyon Merkezinde (\u00c7EKOM), \u00e7ocuklar\u0131n e\u011fitim ve etkinlik alanlar\u0131n\u0131 daha yenilik\u00e7i ve ilham verici bir atmosfere d\u00f6n\u00fc\u015ft\u00fcrmek amac\u0131yla U\u015fak \u00dcniversitesi Deri, Tekstil ve Seramik (DTS) Tasar\u0131m Uygulama ve Ara\u015ft\u0131rma Merkezi taraf\u0131ndan &#8220;Renkli D\u00fc\u015fler Duvar Projesi&#8221; kapsam\u0131nda yap\u0131lan etkinlik at\u00f6lyesinin a\u00e7\u0131l\u0131\u015f\u0131 ger\u00e7ekle\u015ftirildi.<\/p>\n<p>Etkinlik at\u00f6lyesinde &#8220;kitap okuma k\u00f6\u015fesi&#8221;, &#8220;m\u00fczik k\u00f6\u015fesi&#8221; ve &#8220;sanatsal etkinlik k\u00f6\u015fesi&#8221; olu\u015fturuldu. Projenin a\u00e7\u0131l\u0131\u015f\u0131na U\u015fak \u00dcniversitesi Rekt\u00f6r\u00fc Prof. Dr. Ekrem Sava\u015f, U\u015fak Aile ve Sosyal Hizmetler \u0130l M\u00fcd\u00fcr\u00fc Zekai \u0130nan, DTS Tasar\u0131m Merkezi M\u00fcd\u00fcr\u00fc Do\u00e7. Dr. Eren \u00d6ner, DTS Tasar\u0131m Merkezi \u00f6\u011fretim elemanlar\u0131, il m\u00fcd\u00fcrl\u00fc\u011f\u00fc personeli ve \u00e7ocuklar kat\u0131ld\u0131. A\u00e7\u0131l\u0131\u015fta Aile ve Sosyal Hizmetler \u0130l M\u00fcd\u00fcr\u00fc Zekai \u0130nan, desteklerinden dolay\u0131 Rekt\u00f6r Prof. Dr. Ekrem Sava\u015f\u2019a te\u015fekk\u00fcr plaketi takdim etti. Etkinlikler kapsam\u0131nda ayr\u0131ca konser, tiyatro ve sihirbazl\u0131k g\u00f6sterisi de d\u00fczenlendi.<\/p>\n<p>&#8220;\u00c7ocuklar\u0131m\u0131z\u0131n hayallerine renk katmak hepimizin g\u00f6revi&#8221;<br \/>\n<br \/>Rekt\u00f6r Prof. Dr. Ekrem Sava\u015f, projeye katk\u0131 sunan \u00f6\u011fretim elemanlar\u0131na te\u015fekk\u00fcr ederek \u015funlar\u0131 s\u00f6yledi: &#8220;\u00dcniversitemizin sadece akademik \u00e7al\u0131\u015fmalarla de\u011fil, topluma dokunan sosyal sorumluluk projeleriyle de var olmas\u0131 bizler i\u00e7in b\u00fcy\u00fck \u00f6nem ta\u015f\u0131yor. \u00c7ocuklar\u0131m\u0131z\u0131n geli\u015fimine katk\u0131 sunacak, onlar\u0131n d\u00fc\u015f d\u00fcnyalar\u0131n\u0131 renklendirecek bu anlaml\u0131 projede eme\u011fi ge\u00e7en t\u00fcm hocalar\u0131m\u0131za ve U\u015fak Aile ve Sosyal Hizmetler \u0130l M\u00fcd\u00fcrl\u00fc\u011f\u00fcne te\u015fekk\u00fcr ediyorum. \u00c7ocuklar\u0131m\u0131z\u0131n yar\u0131nlara umutla bakmalar\u0131 i\u00e7in \u00fcniversite olarak \u00fczerimize d\u00fc\u015fen her t\u00fcrl\u00fc sorumlulu\u011fu almaya devam edece\u011fiz.&#8221; dedi.<\/p>\n<p>U\u015fak \u00dcniversitesi DTS Tasar\u0131m Merkezi M\u00fcd\u00fcr\u00fc Do\u00e7. Dr. Eren \u00d6ner, projede g\u00f6n\u00fcll\u00fc olarak yer ald\u0131klar\u0131n\u0131 ve b\u00f6yle bir projeyi hayata ge\u00e7irdikleri i\u00e7in mutluluk duyduklar\u0131n\u0131 belirtti. Proje, g\u00f6n\u00fcll\u00fcl\u00fck esas\u0131na dayal\u0131 bir sosyal sorumluluk \u00e7al\u0131\u015fmas\u0131 olarak DTS Tasar\u0131m Merkezi \u00f6\u011fretim elemanlar\u0131 taraf\u0131ndan hayata ge\u00e7irildi. Odan\u0131n kullan\u0131m amac\u0131na uygun olacak \u015fekilde g\u00f6rselleri haz\u0131rlayan \u00d6\u011fr. G\u00f6r. Sinem \u00dcrel, \u00d6\u011fr. G\u00f6r. Esra Sunerli Topan, \u00d6\u011fr. G\u00f6r. Dr. Neslihan \u00d6p\u00f6z Vural, \u00d6\u011fr. G\u00f6r. G\u00fcl\u00e7in \u00c7avdar ve \u00d6\u011fr. G\u00f6r. Dr. Sena Demirba\u011f Gen\u00e7, Eyl\u00fcl ay\u0131nda duvar boyamalar\u0131n\u0131 tamamlad\u0131.<br \/><\/p>\n","protected":false},"excerpt":{"rendered":"<p>U\u015fak Aile ve Sosyal Hizmetler \u0130l M\u00fcd\u00fcrl\u00fc\u011f\u00fc \u00c7ocuk Evleri Koordinasyon Merkezinde (\u00c7EKOM), \u00e7ocuklar\u0131n e\u011fitim ve etkinlik alanlar\u0131n\u0131 daha yenilik\u00e7i ve ilham verici bir atmosfere d\u00f6n\u00fc\u015ft\u00fcrmek amac\u0131yla U\u015fak \u00dcniversitesi Deri, Tekstil ve Seramik (DTS) Tasar\u0131m Uygulama ve Ara\u015ft\u0131rma Merkezi taraf\u0131ndan &#8220;Renkli D\u00fc\u015fler Duvar Projesi&#8221; kapsam\u0131nda yap\u0131lan etkinlik at\u00f6lyesinin a\u00e7\u0131l\u0131\u015f\u0131 ger\u00e7ekle\u015ftirildi. Etkinlik at\u00f6lyesinde &#8220;kitap okuma k\u00f6\u015fesi&#8221;, &#8220;m\u00fczik&#8230;<\/p>\n","protected":false},"author":1,"featured_media":58488,"comment_status":"open","ping_status":"open","sticky":false,"template":"","format":"standard","meta":{"_crdt_document":"","footnotes":""},"categories":[1],"tags":[],"class_list":["post-58487","post","type-post","status-publish","format-standard","has-post-thumbnail","hentry","category-guncel"],"_links":{"self":[{"href":"https:\/\/www.egemtv.com\/index.php?rest_route=\/wp\/v2\/posts\/58487","targetHints":{"allow":["GET"]}}],"collection":[{"href":"https:\/\/www.egemtv.com\/index.php?rest_route=\/wp\/v2\/posts"}],"about":[{"href":"https:\/\/www.egemtv.com\/index.php?rest_route=\/wp\/v2\/types\/post"}],"author":[{"embeddable":true,"href":"https:\/\/www.egemtv.com\/index.php?rest_route=\/wp\/v2\/users\/1"}],"replies":[{"embeddable":true,"href":"https:\/\/www.egemtv.com\/index.php?rest_route=%2Fwp%2Fv2%2Fcomments&post=58487"}],"version-history":[{"count":1,"href":"https:\/\/www.egemtv.com\/index.php?rest_route=\/wp\/v2\/posts\/58487\/revisions"}],"predecessor-version":[{"id":58489,"href":"https:\/\/www.egemtv.com\/index.php?rest_route=\/wp\/v2\/posts\/58487\/revisions\/58489"}],"wp:featuredmedia":[{"embeddable":true,"href":"https:\/\/www.egemtv.com\/index.php?rest_route=\/wp\/v2\/media\/58488"}],"wp:attachment":[{"href":"https:\/\/www.egemtv.com\/index.php?rest_route=%2Fwp%2Fv2%2Fmedia&parent=58487"}],"wp:term":[{"taxonomy":"category","embeddable":true,"href":"https:\/\/www.egemtv.com\/index.php?rest_route=%2Fwp%2Fv2%2Fcategories&post=58487"},{"taxonomy":"post_tag","embeddable":true,"href":"https:\/\/www.egemtv.com\/index.php?rest_route=%2Fwp%2Fv2%2Ftags&post=58487"}],"curies":[{"name":"wp","href":"https:\/\/api.w.org\/{rel}","templated":true}]}}