{"id":58481,"date":"2025-10-01T10:55:45","date_gmt":"2025-10-01T07:55:45","guid":{"rendered":"https:\/\/www.egemtv.com\/?p=58481"},"modified":"2025-10-01T10:55:46","modified_gmt":"2025-10-01T07:55:46","slug":"10-yil-ve-uzeri-kesinlesmis-hapis-cezasi-ile-aranan-9-kisi-yakalandi","status":"publish","type":"post","link":"https:\/\/www.egemtv.com\/?p=58481","title":{"rendered":"10 y\u0131l ve \u00fczeri kesinle\u015fmi\u015f hapis cezas\u0131 ile aranan 9 ki\u015fi yakaland\u0131"},"content":{"rendered":"<p>Denizli\u2019de aralar\u0131nda h\u0131rs\u0131zl\u0131k, ya\u011fma, uyu\u015fturucu ticareti, cinsel istismar, kasten \u00f6ld\u00fcrme ve nitelikli doland\u0131r\u0131c\u0131l\u0131k gibi su\u00e7lardan 10 y\u0131l ve \u00fczeri kesinle\u015fmi\u015f hapis cezas\u0131 ile aranan 9 \u015f\u00fcpheli operasyonlarla yakaland\u0131.<\/p>\n<p>Denizli Emniyet M\u00fcd\u00fcrl\u00fc\u011f\u00fc Asayi\u015f \u015eube M\u00fcd\u00fcrl\u00fc\u011f\u00fc Aranan \u015eah\u0131slar B\u00fcro Amirli\u011fine ba\u011fl\u0131 ekipleri, 18 &#8211; 30 Eyl\u00fcl 2025 tarihleri aras\u0131nda aranan \u015fah\u0131slara y\u00f6nelik kapsaml\u0131 bir operasyonlar d\u00fczenledi. Polis ekipleri aranma kayd\u0131 bulunan \u015f\u00fcphelilerin yakalanmas\u0131na y\u00f6nelik ba\u015flatt\u0131\u011f\u0131 titiz \u00e7al\u0131\u015fma neticesinde h\u0131rs\u0131zl\u0131k su\u00e7undan 51 y\u0131l 4 ay, ya\u011fma su\u00e7undan 16 y\u0131l, uyu\u015fturucu madde ticaretinden 15 y\u0131l 11 ay, \u00e7ocu\u011fun nitelikli istismar\u0131 su\u00e7undan 14 y\u0131l, kasten \u00f6ld\u00fcrme su\u00e7undan 12 y\u0131l 6 ay ve \u00e7ocu\u011fun cinsel istismar\u0131ndan 16 y\u0131l 8 ay, \u00e7ocu\u011fun nitelikli cinsel istismar\u0131ndan 14 y\u0131l, doland\u0131r\u0131c\u0131l\u0131k su\u00e7undan 10 y\u0131l 3 ay, ki\u015fiyi h\u00fcrriyetinden yoksun k\u0131lma su\u00e7undan 6 y\u0131l, \u00e7ocu\u011fun cinsel istismar\u0131 su\u00e7undan 8 y\u0131l kesinle\u015fmi\u015f hapis cezas\u0131 ile 9 aranan \u015fah\u0131s yakaland\u0131. Emniyetteki i\u015flemlerinin ard\u0131ndan yakalanan 9 \u015fah\u0131s tutuklanarak cezaevine g\u00f6nderildi.<br \/><\/p>\n","protected":false},"excerpt":{"rendered":"<p>Denizli\u2019de aralar\u0131nda h\u0131rs\u0131zl\u0131k, ya\u011fma, uyu\u015fturucu ticareti, cinsel istismar, kasten \u00f6ld\u00fcrme ve nitelikli doland\u0131r\u0131c\u0131l\u0131k gibi su\u00e7lardan 10 y\u0131l ve \u00fczeri kesinle\u015fmi\u015f hapis cezas\u0131 ile aranan 9 \u015f\u00fcpheli operasyonlarla yakaland\u0131. Denizli Emniyet M\u00fcd\u00fcrl\u00fc\u011f\u00fc Asayi\u015f \u015eube M\u00fcd\u00fcrl\u00fc\u011f\u00fc Aranan \u015eah\u0131slar B\u00fcro Amirli\u011fine ba\u011fl\u0131 ekipleri, 18 &#8211; 30 Eyl\u00fcl 2025 tarihleri aras\u0131nda aranan \u015fah\u0131slara y\u00f6nelik kapsaml\u0131 bir operasyonlar d\u00fczenledi. Polis&#8230;<\/p>\n","protected":false},"author":1,"featured_media":58482,"comment_status":"open","ping_status":"open","sticky":false,"template":"","format":"standard","meta":{"_crdt_document":"","footnotes":""},"categories":[5],"tags":[],"class_list":["post-58481","post","type-post","status-publish","format-standard","has-post-thumbnail","hentry","category-asayis"],"_links":{"self":[{"href":"https:\/\/www.egemtv.com\/index.php?rest_route=\/wp\/v2\/posts\/58481","targetHints":{"allow":["GET"]}}],"collection":[{"href":"https:\/\/www.egemtv.com\/index.php?rest_route=\/wp\/v2\/posts"}],"about":[{"href":"https:\/\/www.egemtv.com\/index.php?rest_route=\/wp\/v2\/types\/post"}],"author":[{"embeddable":true,"href":"https:\/\/www.egemtv.com\/index.php?rest_route=\/wp\/v2\/users\/1"}],"replies":[{"embeddable":true,"href":"https:\/\/www.egemtv.com\/index.php?rest_route=%2Fwp%2Fv2%2Fcomments&post=58481"}],"version-history":[{"count":1,"href":"https:\/\/www.egemtv.com\/index.php?rest_route=\/wp\/v2\/posts\/58481\/revisions"}],"predecessor-version":[{"id":58483,"href":"https:\/\/www.egemtv.com\/index.php?rest_route=\/wp\/v2\/posts\/58481\/revisions\/58483"}],"wp:featuredmedia":[{"embeddable":true,"href":"https:\/\/www.egemtv.com\/index.php?rest_route=\/wp\/v2\/media\/58482"}],"wp:attachment":[{"href":"https:\/\/www.egemtv.com\/index.php?rest_route=%2Fwp%2Fv2%2Fmedia&parent=58481"}],"wp:term":[{"taxonomy":"category","embeddable":true,"href":"https:\/\/www.egemtv.com\/index.php?rest_route=%2Fwp%2Fv2%2Fcategories&post=58481"},{"taxonomy":"post_tag","embeddable":true,"href":"https:\/\/www.egemtv.com\/index.php?rest_route=%2Fwp%2Fv2%2Ftags&post=58481"}],"curies":[{"name":"wp","href":"https:\/\/api.w.org\/{rel}","templated":true}]}}