{"id":58478,"date":"2025-10-01T10:34:59","date_gmt":"2025-10-01T07:34:59","guid":{"rendered":"https:\/\/www.egemtv.com\/?p=58478"},"modified":"2025-10-01T10:35:00","modified_gmt":"2025-10-01T07:35:00","slug":"nto-baskani-arslan-bizim-kurtulusumuz-sanayi-ve-ticaret-alaninda","status":"publish","type":"post","link":"https:\/\/www.egemtv.com\/?p=58478","title":{"rendered":"NTO Ba\u015fkan\u0131 Arslan: &#8220;Bizim kurtulu\u015fumuz sanayi ve ticaret alan\u0131nda&#8221;"},"content":{"rendered":"<p>Nazilli Ticaret Odas\u0131 Y\u00f6netim Kurulu Ba\u015fkan\u0131 Nuri Arslan, Ayd\u0131n\u2019\u0131n do\u011fusunun yat\u0131r\u0131m konusunda geri planda b\u0131rak\u0131ld\u0131\u011f\u0131n\u0131 s\u00f6yledi. Arslan, Nazilli\u2019de planlanan 2. Organize Sanayi B\u00f6lgesi\u2019nin engellendi\u011fini iddia ederek, &#8220;Bizim kurtulu\u015fumuz sanayi ve ticaret alan\u0131nda&#8221; diyerek yetkililere \u00e7a\u011fr\u0131da bulundu.<\/p>\n<p>Nazilli Ticaret Odas\u0131 Y\u00f6netim Kurulu Ba\u015fkan\u0131 Nuri Arslan, Ayd\u0131n\u2019\u0131n do\u011fusuna yeterli yat\u0131r\u0131m yap\u0131lmad\u0131\u011f\u0131n\u0131 ifade etti. Arslan, \u00f6zellikle Nazilli\u2019de Toygar b\u00f6lgesinde planlanan 2. Organize Sanayi B\u00f6lgesi\u2019nin hayata ge\u00e7irilemedi\u011fini ifade ederek, &#8220;Efeler\u2019de Pamuk tarlas\u0131na sanayi alan\u0131 a\u00e7\u0131l\u0131yor ama Nazilli\u2019de marjinal arazide yap\u0131lmas\u0131 planlanan 2. OSB\u2019nin y\u00fcr\u00fcy\u00fc\u015f\u00fc yava\u015flad\u0131. Yat\u0131r\u0131mc\u0131m\u0131z\u0131n imarl\u0131 sanayi ve ticaret alan\u0131 ihtiyac\u0131 var. Her \u015fey Efeler\u2019de olsun, Nazilli\u2019de hi\u00e7bir \u015fey olmas\u0131n. Biz sahipsiziz. E\u011fer sahipli oldu\u011fumuz iddias\u0131 varsa yetkililer gelsin ve a\u00e7\u0131klas\u0131n. 2. OSB neden yap\u0131lm\u0131yor, kamuoyuna duyursunlar. Genel olarak b\u00f6lgeye bakt\u0131\u011f\u0131m\u0131zda; sanayi ve ticaret alanlar\u0131n\u0131n yetersizli\u011fi nedeniyle; Ayd\u0131n\u2019\u0131n do\u011fusu olarak tabir edilen bu b\u00f6lgenin yat\u0131r\u0131m ve ekonomi anlam\u0131nda maalesef yerinde sayd\u0131\u011f\u0131n\u0131 g\u00f6rmekteyiz. Toygar Mahallesi b\u00f6lgesi otobana \u00e7ok yak\u0131n, zeytinlik ya da tar\u0131m arazisi olmayan ideal bir nokta. Bu alan\u0131n el birli\u011fiyle bir an \u00f6nce hayata ge\u00e7irilmesi gerekiyor. Bu nedenle b\u00f6lgemizin sahip oldu\u011fu de\u011ferlerin ve potansiyelin tan\u0131t\u0131m\u0131na her zamandan daha fazla ihtiyac\u0131m\u0131z var diye d\u00fc\u015f\u00fcn\u00fcyorum. Hepimizin ortak de\u011feri olan \u00fcr\u00fcnlerimize katma de\u011fer olu\u015fturrarak b\u00f6lgemizin refah ve gelir seviyesini artt\u0131rmak zorunday\u0131z. Ayn\u0131 zamanda uzun ya\u015fam merkezi olan b\u00f6lgemizde sahip oldu\u011fumuz k\u00fclt\u00fcr\u00fc, gastronomik zenginli\u011fimizi ve antik kentlerimizi \u00f6n plana \u00e7\u0131karmak bu b\u00f6lgeyi turizm sekt\u00f6r\u00fcn\u00fcn \u00f6nemli bir durak noktas\u0131 haline getirmek durumunday\u0131z. Bu ama\u00e7 do\u011frultusunda kurumlar aras\u0131 i\u015fbirli\u011fi ve dayan\u0131\u015fma \u00f6nem kazanmaktad\u0131r. Bizim kurtulu\u015fumuz sanayi ve ticaret alan\u0131nda&#8221; dedi.<br \/><\/p>\n","protected":false},"excerpt":{"rendered":"<p>Nazilli Ticaret Odas\u0131 Y\u00f6netim Kurulu Ba\u015fkan\u0131 Nuri Arslan, Ayd\u0131n\u2019\u0131n do\u011fusunun yat\u0131r\u0131m konusunda geri planda b\u0131rak\u0131ld\u0131\u011f\u0131n\u0131 s\u00f6yledi. Arslan, Nazilli\u2019de planlanan 2. Organize Sanayi B\u00f6lgesi\u2019nin engellendi\u011fini iddia ederek, &#8220;Bizim kurtulu\u015fumuz sanayi ve ticaret alan\u0131nda&#8221; diyerek yetkililere \u00e7a\u011fr\u0131da bulundu. Nazilli Ticaret Odas\u0131 Y\u00f6netim Kurulu Ba\u015fkan\u0131 Nuri Arslan, Ayd\u0131n\u2019\u0131n do\u011fusuna yeterli yat\u0131r\u0131m yap\u0131lmad\u0131\u011f\u0131n\u0131 ifade etti. Arslan, \u00f6zellikle Nazilli\u2019de Toygar&#8230;<\/p>\n","protected":false},"author":1,"featured_media":58479,"comment_status":"open","ping_status":"open","sticky":false,"template":"","format":"standard","meta":{"_crdt_document":"","footnotes":""},"categories":[125],"tags":[],"class_list":["post-58478","post","type-post","status-publish","format-standard","has-post-thumbnail","hentry","category-ekonomi"],"_links":{"self":[{"href":"https:\/\/www.egemtv.com\/index.php?rest_route=\/wp\/v2\/posts\/58478","targetHints":{"allow":["GET"]}}],"collection":[{"href":"https:\/\/www.egemtv.com\/index.php?rest_route=\/wp\/v2\/posts"}],"about":[{"href":"https:\/\/www.egemtv.com\/index.php?rest_route=\/wp\/v2\/types\/post"}],"author":[{"embeddable":true,"href":"https:\/\/www.egemtv.com\/index.php?rest_route=\/wp\/v2\/users\/1"}],"replies":[{"embeddable":true,"href":"https:\/\/www.egemtv.com\/index.php?rest_route=%2Fwp%2Fv2%2Fcomments&post=58478"}],"version-history":[{"count":1,"href":"https:\/\/www.egemtv.com\/index.php?rest_route=\/wp\/v2\/posts\/58478\/revisions"}],"predecessor-version":[{"id":58480,"href":"https:\/\/www.egemtv.com\/index.php?rest_route=\/wp\/v2\/posts\/58478\/revisions\/58480"}],"wp:featuredmedia":[{"embeddable":true,"href":"https:\/\/www.egemtv.com\/index.php?rest_route=\/wp\/v2\/media\/58479"}],"wp:attachment":[{"href":"https:\/\/www.egemtv.com\/index.php?rest_route=%2Fwp%2Fv2%2Fmedia&parent=58478"}],"wp:term":[{"taxonomy":"category","embeddable":true,"href":"https:\/\/www.egemtv.com\/index.php?rest_route=%2Fwp%2Fv2%2Fcategories&post=58478"},{"taxonomy":"post_tag","embeddable":true,"href":"https:\/\/www.egemtv.com\/index.php?rest_route=%2Fwp%2Fv2%2Ftags&post=58478"}],"curies":[{"name":"wp","href":"https:\/\/api.w.org\/{rel}","templated":true}]}}