{"id":58472,"date":"2025-10-01T10:34:54","date_gmt":"2025-10-01T07:34:54","guid":{"rendered":"https:\/\/www.egemtv.com\/?p=58472"},"modified":"2025-10-01T10:34:56","modified_gmt":"2025-10-01T07:34:56","slug":"bydnin-manisadaki-fabrika-sahasinda-sessizlik-suruyor","status":"publish","type":"post","link":"https:\/\/www.egemtv.com\/?p=58472","title":{"rendered":"BYD\u2019nin Manisa\u2019daki fabrika sahas\u0131nda sessizlik s\u00fcr\u00fcyor"},"content":{"rendered":"<p>MAN\u0130SA (\u0130HA) \u2013 \u00c7in merkezli otomotiv devi BYD\u2019nin Manisa\u2019da kurmay\u0131 planlad\u0131\u011f\u0131 ve 2026 y\u0131l\u0131 sonunda 150 bin ara\u00e7 kapasiteyle faaliyete ge\u00e7ece\u011fi a\u00e7\u0131klanan fabrika sahas\u0131nda halen herhangi bir faaliyetin ba\u015flamad\u0131\u011f\u0131 g\u00f6zlemlendi.<br \/>\n<br \/>BYD\u2019nin T\u00fcrkiye\u2019deki 1 milyar dolarl\u0131k yat\u0131r\u0131m\u0131 kapsam\u0131nda Manisa\u2019da kurulmas\u0131 planlanan elektrikli ve hibrit ara\u00e7 \u00fcretim tesisinin \u015fantiye alan\u0131nda sessizlik s\u00fcr\u00fcyor. Manisa Organize Sanayi B\u00f6lgesi\u2019nde 2026 y\u0131l\u0131 sonunda y\u0131ll\u0131k 150 bin ara\u00e7 \u00fcretim kapasitesiyle faaliyete ge\u00e7mesi hedeflenen tesiste, \u015fubat ay\u0131nda altyap\u0131 \u00e7al\u0131\u015fmalar\u0131 i\u00e7in kamyon ve i\u015f makineleri yo\u011fun bir faaliyet g\u00f6stermi\u015f, haziran ay\u0131nda ise \u00e7al\u0131\u015fmalar tekrar durmu\u015ftu. Aradan ge\u00e7en 3 ayl\u0131k s\u00fcreye ra\u011fmen alanda herhangi bir i\u015f makinesi hareketlili\u011fi ya da fiziki ilerleme g\u00f6zlemlenmedi. Devasa fabrika sahas\u0131nda \u015fu anda sadece iki adet elektrik trafosunun yer ald\u0131\u011f\u0131 g\u00f6r\u00fcld\u00fc.<br \/>\n<br \/>\u00d6te yandan, eyl\u00fcl ay\u0131 ba\u015f\u0131nda M\u00fcnih Otomobil Fuar\u0131\u2019nda a\u00e7\u0131klamalarda bulunan BYD Ba\u015fkan Yard\u0131mc\u0131s\u0131 Stella Li, fabrika in\u015faat\u0131na m\u00fcmk\u00fcn olan en k\u0131sa s\u00fcrede ba\u015flanaca\u011f\u0131n\u0131 ve T\u00fcrkiye\u2019deki \u00fcretimin 2026\u2019da ba\u015flayaca\u011f\u0131n\u0131 duyurmu\u015ftu. Yat\u0131r\u0131m\u0131n ilk faz\u0131nda pil paket montaj\u0131n\u0131n T\u00fcrkiye\u2019de yap\u0131lmas\u0131n\u0131n planland\u0131\u011f\u0131, bu kapsamda Manisa\u2019da farkl\u0131 birimlerden olu\u015fan bir ekibin g\u00f6rev ald\u0131\u011f\u0131 ifade edildi.<br \/><\/p>\n","protected":false},"excerpt":{"rendered":"<p>MAN\u0130SA (\u0130HA) \u2013 \u00c7in merkezli otomotiv devi BYD\u2019nin Manisa\u2019da kurmay\u0131 planlad\u0131\u011f\u0131 ve 2026 y\u0131l\u0131 sonunda 150 bin ara\u00e7 kapasiteyle faaliyete ge\u00e7ece\u011fi a\u00e7\u0131klanan fabrika sahas\u0131nda halen herhangi bir faaliyetin ba\u015flamad\u0131\u011f\u0131 g\u00f6zlemlendi. BYD\u2019nin T\u00fcrkiye\u2019deki 1 milyar dolarl\u0131k yat\u0131r\u0131m\u0131 kapsam\u0131nda Manisa\u2019da kurulmas\u0131 planlanan elektrikli ve hibrit ara\u00e7 \u00fcretim tesisinin \u015fantiye alan\u0131nda sessizlik s\u00fcr\u00fcyor. Manisa Organize Sanayi B\u00f6lgesi\u2019nde 2026&#8230;<\/p>\n","protected":false},"author":1,"featured_media":58473,"comment_status":"open","ping_status":"open","sticky":false,"template":"","format":"standard","meta":{"_crdt_document":"","footnotes":""},"categories":[125],"tags":[],"class_list":["post-58472","post","type-post","status-publish","format-standard","has-post-thumbnail","hentry","category-ekonomi"],"_links":{"self":[{"href":"https:\/\/www.egemtv.com\/index.php?rest_route=\/wp\/v2\/posts\/58472","targetHints":{"allow":["GET"]}}],"collection":[{"href":"https:\/\/www.egemtv.com\/index.php?rest_route=\/wp\/v2\/posts"}],"about":[{"href":"https:\/\/www.egemtv.com\/index.php?rest_route=\/wp\/v2\/types\/post"}],"author":[{"embeddable":true,"href":"https:\/\/www.egemtv.com\/index.php?rest_route=\/wp\/v2\/users\/1"}],"replies":[{"embeddable":true,"href":"https:\/\/www.egemtv.com\/index.php?rest_route=%2Fwp%2Fv2%2Fcomments&post=58472"}],"version-history":[{"count":1,"href":"https:\/\/www.egemtv.com\/index.php?rest_route=\/wp\/v2\/posts\/58472\/revisions"}],"predecessor-version":[{"id":58474,"href":"https:\/\/www.egemtv.com\/index.php?rest_route=\/wp\/v2\/posts\/58472\/revisions\/58474"}],"wp:featuredmedia":[{"embeddable":true,"href":"https:\/\/www.egemtv.com\/index.php?rest_route=\/wp\/v2\/media\/58473"}],"wp:attachment":[{"href":"https:\/\/www.egemtv.com\/index.php?rest_route=%2Fwp%2Fv2%2Fmedia&parent=58472"}],"wp:term":[{"taxonomy":"category","embeddable":true,"href":"https:\/\/www.egemtv.com\/index.php?rest_route=%2Fwp%2Fv2%2Fcategories&post=58472"},{"taxonomy":"post_tag","embeddable":true,"href":"https:\/\/www.egemtv.com\/index.php?rest_route=%2Fwp%2Fv2%2Ftags&post=58472"}],"curies":[{"name":"wp","href":"https:\/\/api.w.org\/{rel}","templated":true}]}}