{"id":58469,"date":"2025-10-01T10:15:26","date_gmt":"2025-10-01T07:15:26","guid":{"rendered":"https:\/\/www.egemtv.com\/?p=58469"},"modified":"2025-10-01T10:15:27","modified_gmt":"2025-10-01T07:15:27","slug":"kutahyada-goncek-kavununun-hasadi-basladi","status":"publish","type":"post","link":"https:\/\/www.egemtv.com\/?p=58469","title":{"rendered":"K\u00fctahya\u2019da \u2019G\u00f6ncek Kavunu\u2019nun hasad\u0131 ba\u015flad\u0131"},"content":{"rendered":"<p>K\u00fctahya\u2019n\u0131n Emet il\u00e7esine ba\u011fl\u0131 G\u00f6ncek k\u00f6y\u00fcnde, organik \u2019G\u00f6ncek Kavunu\u2019nun hasad\u0131 ba\u015flad\u0131.<br \/>\n<br \/>Organik Tar\u0131m b\u00fcnyesine kazand\u0131r\u0131lacak olan G\u00f6ncek Kavunu\u2019nun k\u00f6yde 30 y\u0131ldan beri \u00fcretiminin yap\u0131ld\u0131\u011f\u0131 belirtildi.<br \/>\n<br \/>K\u00f6y Muhtar\u0131 Ahmet \u00d6z\u00e7elik, &#8220;Kendine has tad\u0131 ve aromas\u0131 olan k\u0131\u015fa dayan\u0131kl\u0131, May\u0131s-Haziran aylar\u0131na kadar t\u00fcketilebilen G\u00f6ncek kavunu sadece k\u00f6y\u00fcm\u00fczde yeti\u015ftirilmektedir. K\u00f6y\u00fcm\u00fczde bu y\u0131l 100 d\u00f6n\u00fcme yak\u0131n ekimi yap\u0131lan k\u0131\u015fl\u0131k kavunun organik tar\u0131m b\u00fcnyesine kazand\u0131r\u0131lmas\u0131 amac\u0131yla gerekli ba\u015fvurular yap\u0131lm\u0131\u015f olup, \u0130l ve \u0130l\u00e7e Tar\u0131m M\u00fcd\u00fcrl\u00fc\u011f\u00fcnce gerekli numuneler al\u0131nm\u0131\u015ft\u0131r. Bu y\u0131l kavun rekoltesinin 150 ton dolaylar\u0131nda ger\u00e7ekle\u015fmesini bekliyoruz. Havalar\u0131n bu y\u0131l s\u0131cak ve kurak gitmesinden dolay\u0131 rekolte d\u00fc\u015f\u00fck oldu. G\u00f6ncek kavununun kendine has tad\u0131 ve aromas\u0131n\u0131n olmas\u0131 sulanmamas\u0131ndan kaynaklan\u0131yor. \u00c7ok suland\u0131\u011f\u0131 zaman kavun tatl\u0131 olmuyor. Kavunu yeti\u015ftirme a\u015famas\u0131nda ise sadece hayvan g\u00fcbresi kullan\u0131yoruz. \u00dcretti\u011fimiz kavunun kilosunu \u015fu an 30 liradan sat\u0131yoruz&#8221; dedi.<br \/><\/p>\n","protected":false},"excerpt":{"rendered":"<p>K\u00fctahya\u2019n\u0131n Emet il\u00e7esine ba\u011fl\u0131 G\u00f6ncek k\u00f6y\u00fcnde, organik \u2019G\u00f6ncek Kavunu\u2019nun hasad\u0131 ba\u015flad\u0131. Organik Tar\u0131m b\u00fcnyesine kazand\u0131r\u0131lacak olan G\u00f6ncek Kavunu\u2019nun k\u00f6yde 30 y\u0131ldan beri \u00fcretiminin yap\u0131ld\u0131\u011f\u0131 belirtildi. K\u00f6y Muhtar\u0131 Ahmet \u00d6z\u00e7elik, &#8220;Kendine has tad\u0131 ve aromas\u0131 olan k\u0131\u015fa dayan\u0131kl\u0131, May\u0131s-Haziran aylar\u0131na kadar t\u00fcketilebilen G\u00f6ncek kavunu sadece k\u00f6y\u00fcm\u00fczde yeti\u015ftirilmektedir. K\u00f6y\u00fcm\u00fczde bu y\u0131l 100 d\u00f6n\u00fcme yak\u0131n ekimi yap\u0131lan k\u0131\u015fl\u0131k&#8230;<\/p>\n","protected":false},"author":1,"featured_media":58470,"comment_status":"open","ping_status":"open","sticky":false,"template":"","format":"standard","meta":{"_crdt_document":"","footnotes":""},"categories":[125],"tags":[],"class_list":["post-58469","post","type-post","status-publish","format-standard","has-post-thumbnail","hentry","category-ekonomi"],"_links":{"self":[{"href":"https:\/\/www.egemtv.com\/index.php?rest_route=\/wp\/v2\/posts\/58469","targetHints":{"allow":["GET"]}}],"collection":[{"href":"https:\/\/www.egemtv.com\/index.php?rest_route=\/wp\/v2\/posts"}],"about":[{"href":"https:\/\/www.egemtv.com\/index.php?rest_route=\/wp\/v2\/types\/post"}],"author":[{"embeddable":true,"href":"https:\/\/www.egemtv.com\/index.php?rest_route=\/wp\/v2\/users\/1"}],"replies":[{"embeddable":true,"href":"https:\/\/www.egemtv.com\/index.php?rest_route=%2Fwp%2Fv2%2Fcomments&post=58469"}],"version-history":[{"count":1,"href":"https:\/\/www.egemtv.com\/index.php?rest_route=\/wp\/v2\/posts\/58469\/revisions"}],"predecessor-version":[{"id":58471,"href":"https:\/\/www.egemtv.com\/index.php?rest_route=\/wp\/v2\/posts\/58469\/revisions\/58471"}],"wp:featuredmedia":[{"embeddable":true,"href":"https:\/\/www.egemtv.com\/index.php?rest_route=\/wp\/v2\/media\/58470"}],"wp:attachment":[{"href":"https:\/\/www.egemtv.com\/index.php?rest_route=%2Fwp%2Fv2%2Fmedia&parent=58469"}],"wp:term":[{"taxonomy":"category","embeddable":true,"href":"https:\/\/www.egemtv.com\/index.php?rest_route=%2Fwp%2Fv2%2Fcategories&post=58469"},{"taxonomy":"post_tag","embeddable":true,"href":"https:\/\/www.egemtv.com\/index.php?rest_route=%2Fwp%2Fv2%2Ftags&post=58469"}],"curies":[{"name":"wp","href":"https:\/\/api.w.org\/{rel}","templated":true}]}}