{"id":58466,"date":"2025-10-01T10:15:24","date_gmt":"2025-10-01T07:15:24","guid":{"rendered":"https:\/\/www.egemtv.com\/?p=58466"},"modified":"2025-10-01T10:15:25","modified_gmt":"2025-10-01T07:15:25","slug":"yilin-ogretmeni-ve-ekibi-2025-teknofestin-gozdesi-oldu","status":"publish","type":"post","link":"https:\/\/www.egemtv.com\/?p=58466","title":{"rendered":"Y\u0131l\u0131n \u00f6\u011fretmeni ve ekibi 2025 TEKNOFEST\u2019in g\u00f6zdesi oldu"},"content":{"rendered":"<p>Salihli Anadolu Lisesi M\u00fcd\u00fcr Yard\u0131mc\u0131s\u0131 Ertu\u011f G\u00f6zayd\u0131n, son y\u0131llarda hem ulusal hem de uluslararas\u0131 arenada \u00e7al\u0131\u015ft\u0131rd\u0131\u011f\u0131 tak\u0131mlar\u0131n elde etti\u011fi ba\u015far\u0131lar\u0131yla ad\u0131n\u0131 T\u00fcrk e\u011fitim ve teknoloji tarihine alt\u0131n harflerle yazd\u0131rd\u0131.<br \/>\n<br \/>Milli E\u011fitim Bakanl\u0131\u011f\u0131\u2019ndaki en ba\u015far\u0131l\u0131 \u00f6\u011fretmenlerden biri olarak g\u00f6sterilen G\u00f6zayd\u0131n, \u00f6\u011frencileriyle birlikte geli\u015ftirdi\u011fi projelerle hem T\u00fcrkiye\u2019de hem d\u00fcnyada gurur veren ba\u015far\u0131lara imza at\u0131yor.<\/p>\n<p>2024\u2019de y\u0131l\u0131n \u00f6\u011fretmeni se\u00e7ildi<br \/>\n<br \/>2024 y\u0131l\u0131nda Manisa\u2019da y\u0131l\u0131n \u00f6\u011fretmeni se\u00e7ilen Ertu\u011f G\u00f6zayd\u0131n, 24 Kas\u0131m 2024 y\u0131l\u0131nda Cumhurba\u015fkan\u0131 Recep Tayyip Erdo\u011fan\u2019\u0131n kat\u0131ld\u0131\u011f\u0131 programa da davet edilmi\u015fti.<br \/>\n<br \/>Bah\u00e7e\u015fehir \u00dcniversitesi y\u00fcksek lisans mezunu, yurtd\u0131\u015f\u0131 ile ortak bir\u00e7ok projede g\u00f6rev alm\u0131\u015f bili\u015fim teknolojileri \u00f6\u011fretmeni olarak gen\u00e7lere ilham veren G\u00f6zayd\u0131n, kurdu\u011fu Za\u011fanos ROV, Za\u011fanos \u0130HA, FTC ve FLL tak\u0131mlar\u0131 sayesinde \u00f6\u011frencilerini yaln\u0131zca yar\u0131\u015fmalara de\u011fil, gelece\u011fin m\u00fchendislik d\u00fcnyas\u0131na da haz\u0131rl\u0131yor.<\/p>\n<p>Son 8 y\u0131lda final ve 9 kupa \u00f6d\u00fcl\u00fc<br \/>\n<br \/>G\u00f6zayd\u0131n, 2018 y\u0131l\u0131ndan g\u00fcn\u00fcm\u00fcze kadar kat\u0131ld\u0131klar\u0131 Teknofest\u2019te 8 y\u0131lda farkl\u0131 alanlarda final ve 9 kupa, bir\u00e7ok yar\u0131\u015fmada ba\u015far\u0131lar elde eden ve e\u011fitimde s\u0131n\u0131rlar\u0131 zorlayan bir ba\u015far\u0131 hikayesini ger\u00e7ekle\u015ftirdi.<br \/>\n<br \/>\u00d6\u011frencilere rehberlik ederek bilgi, beceri, e\u011filim ve de\u011ferlerin kazand\u0131r\u0131lmas\u0131nda \u00f6\u011frenme s\u00fcrecini teknoloji ile tasarlayarak fark olu\u015fturmaya devam eden G\u00f6zayd\u0131n, hedefinin Milli E\u011fitim Bakanl\u0131\u011f\u0131 b\u00fcnyesinde daha fazla ki\u015fiye ula\u015farak Milli Teknoloji Hamlesinin yay\u0131lmas\u0131na katk\u0131 sa\u011flamak oldu\u011funu vurgulad\u0131.<\/p>\n<p>Teknofest 2025\u2019te \u0130HA Yar\u0131\u015fmas\u0131\u2019nda T\u00fcrkiye birincili\u011fi<br \/>\n<br \/>Salihli Anadolu Lisesi\u2019nde M\u00fcd\u00fcr Yard\u0131mc\u0131s\u0131 Ertu\u011f G\u00f6zayd\u0131n liderli\u011finde kurulan lise tak\u0131m\u0131, &#8220;Za\u011fanos \u0130HA&#8221; adl\u0131 insans\u0131z hava arac\u0131 ile T\u00dcB\u0130TAK Liseler Aras\u0131 \u0130HA Yar\u0131\u015fmas\u0131\u2019nda T\u00fcrkiye birincili\u011fini elde etti. Ayn\u0131 projeyle TUSA\u015e \u00d6zel \u00d6d\u00fcl\u00fc\u2019n\u00fc de kazanan ekip, savunma sanayisinin devleri taraf\u0131ndan &#8220;gelece\u011fin m\u00fchendisleri&#8221; olarak tan\u0131mland\u0131. Tak\u0131mdaki \u00f6\u011frenciler, ger\u00e7ekle\u015ftirdikleri yaz\u0131l\u0131m ve \u0130HA tasar\u0131m\u0131 ile yar\u0131\u015fma j\u00fcrileri taraf\u0131ndan takdirle kar\u015f\u0131land\u0131 ve \u00f6\u011frencileri \u00fcniversitelere davet edildi.<\/p>\n<p>ASELSAN \u2018En \u00d6zg\u00fcn Yaz\u0131l\u0131m \u00d6d\u00fcl\u00fc\u2019n\u00fc kazand\u0131lar<br \/>\n<br \/>Ekibini kazand\u0131\u011f\u0131 ba\u015far\u0131 zincirine ayn\u0131 y\u0131l TEKNOFEST2025\u2019te &#8220;Za\u011fanos ROV&#8221; isimli su alt\u0131 arac\u0131 ile ASELSAN\u2019\u0131n d\u00fczenledi\u011fi \u0130nsans\u0131z Su Alt\u0131 Sistemleri Yar\u0131\u015fmas\u0131\u2019nda T\u00fcrkiye \u00fc\u00e7\u00fcnc\u00fcl\u00fc\u011f\u00fc kazand\u0131klar\u0131n\u0131 kaydeden G\u00f6zayd\u0131n, ayr\u0131ca ASELSAN En \u00d6zg\u00fcn Yaz\u0131l\u0131m \u00d6d\u00fcl\u00fc\u2019n\u00fcn de sahibi oldu.<br \/>\n<br \/>\u00d6\u011frencilerinin geli\u015ftirdi\u011fi yapay zeka tabanl\u0131 yaz\u0131l\u0131m\u0131n, bu sene ilk defa d\u00fczenlenen deniz alt\u0131ndaki g\u00f6revleri otonom sistemlerdeki yenilikler ile dikkatleri \u00fczerlerine \u00e7ektiklerini ifade eden G\u00f6zayd\u0131n, \u00f6d\u00fclleri T\u00fcrkiye Cumhuriyeti Cumhurba\u015fkan\u0131 Recep Tayyip Erdo\u011fan ve BAYKAR Y\u00f6netim Kurulu Ba\u015fkan\u0131 Sel\u00e7uk Bayraktar\u2019dan alarak hem insans\u0131z hava arac\u0131 hem de insans\u0131z su alt\u0131 sistemleri yar\u0131\u015fmalar\u0131nda derece kazanan tek tak\u0131m olduklar\u0131n\u0131 vurgulad\u0131.<\/p>\n<p>Patent Yar\u0131\u015fmas\u0131ndan \u2018Alt\u0131n Madalya\u2019<br \/>\n<br \/>2025 ISIF Uluslararas\u0131 Patent Yar\u0131\u015fmas\u0131\u2019nda &#8220;2025\/004319&#8221; numaral\u0131 patent ba\u015fvurusu, yenilik\u00e7i yakla\u015f\u0131m\u0131yla \u2018Alt\u0131n Madalya\u2019 ald\u0131\u011f\u0131n\u0131 belirten G\u00f6zayd\u0131n, ayr\u0131ca 2025 y\u0131l\u0131 2204A Lise \u00f6\u011frencileri T\u00dcB\u0130TAK Ara\u015ft\u0131rma Projeleri Yar\u0131\u015fmas\u0131nda dan\u0131\u015fmanl\u0131\u011f\u0131n\u0131 yapt\u0131\u011f\u0131 &#8220;Hidrosferde Kirlilik Yaratan Hayalet A\u011flar\u0131n GPS ile Co\u011frafi Konumunu Belirleyen Yapay Zek\u00e2 Tabanl\u0131 Su Alt\u0131 Robotu&#8221; projesinin de Ege B\u00f6lge Birincili\u011fi ard\u0131ndan T\u00fcrkiye \u0130kincili\u011fi kazanarak, ekibin \u00fclkemizi Amerika\u2019da temsil edecek T\u00fcbitak projelerinin se\u00e7ilece\u011fi ISEF a\u015famas\u0131na kadar y\u00fckseldi\u011fini kaydetti.<br \/>\n<br \/>Tak\u0131m\u0131n, 2025 y\u0131l\u0131nda ABD\u2019de d\u00fczenlenen SUAS &#8211; Student Unmanned Aerial Systems yar\u0131\u015fmas\u0131nda T\u00fcrkiye\u2019yi temsil edip, uluslararas\u0131 platformda \u00f6nemli bir ba\u015far\u0131 elde etti\u011fini belirten G\u00f6zayd\u0131n, daha \u00f6nceki y\u0131llarda da dan\u0131\u015fmanl\u0131k yapt\u0131\u011f\u0131 tak\u0131mlar\u0131n T\u00fcrkiye\u2019ye, \u0130talya, G\u00fcney Kore, Romanya\u2019dan alt\u0131n madalya ve kupalar kazand\u0131rd\u0131\u011f\u0131n\u0131 s\u00f6zlerine ekledi.<br \/><\/p>\n","protected":false},"excerpt":{"rendered":"<p>Salihli Anadolu Lisesi M\u00fcd\u00fcr Yard\u0131mc\u0131s\u0131 Ertu\u011f G\u00f6zayd\u0131n, son y\u0131llarda hem ulusal hem de uluslararas\u0131 arenada \u00e7al\u0131\u015ft\u0131rd\u0131\u011f\u0131 tak\u0131mlar\u0131n elde etti\u011fi ba\u015far\u0131lar\u0131yla ad\u0131n\u0131 T\u00fcrk e\u011fitim ve teknoloji tarihine alt\u0131n harflerle yazd\u0131rd\u0131. Milli E\u011fitim Bakanl\u0131\u011f\u0131\u2019ndaki en ba\u015far\u0131l\u0131 \u00f6\u011fretmenlerden biri olarak g\u00f6sterilen G\u00f6zayd\u0131n, \u00f6\u011frencileriyle birlikte geli\u015ftirdi\u011fi projelerle hem T\u00fcrkiye\u2019de hem d\u00fcnyada gurur veren ba\u015far\u0131lara imza at\u0131yor. 2024\u2019de y\u0131l\u0131n \u00f6\u011fretmeni&#8230;<\/p>\n","protected":false},"author":1,"featured_media":58467,"comment_status":"open","ping_status":"open","sticky":false,"template":"","format":"standard","meta":{"_crdt_document":"","footnotes":""},"categories":[1],"tags":[],"class_list":["post-58466","post","type-post","status-publish","format-standard","has-post-thumbnail","hentry","category-guncel"],"_links":{"self":[{"href":"https:\/\/www.egemtv.com\/index.php?rest_route=\/wp\/v2\/posts\/58466","targetHints":{"allow":["GET"]}}],"collection":[{"href":"https:\/\/www.egemtv.com\/index.php?rest_route=\/wp\/v2\/posts"}],"about":[{"href":"https:\/\/www.egemtv.com\/index.php?rest_route=\/wp\/v2\/types\/post"}],"author":[{"embeddable":true,"href":"https:\/\/www.egemtv.com\/index.php?rest_route=\/wp\/v2\/users\/1"}],"replies":[{"embeddable":true,"href":"https:\/\/www.egemtv.com\/index.php?rest_route=%2Fwp%2Fv2%2Fcomments&post=58466"}],"version-history":[{"count":1,"href":"https:\/\/www.egemtv.com\/index.php?rest_route=\/wp\/v2\/posts\/58466\/revisions"}],"predecessor-version":[{"id":58468,"href":"https:\/\/www.egemtv.com\/index.php?rest_route=\/wp\/v2\/posts\/58466\/revisions\/58468"}],"wp:featuredmedia":[{"embeddable":true,"href":"https:\/\/www.egemtv.com\/index.php?rest_route=\/wp\/v2\/media\/58467"}],"wp:attachment":[{"href":"https:\/\/www.egemtv.com\/index.php?rest_route=%2Fwp%2Fv2%2Fmedia&parent=58466"}],"wp:term":[{"taxonomy":"category","embeddable":true,"href":"https:\/\/www.egemtv.com\/index.php?rest_route=%2Fwp%2Fv2%2Fcategories&post=58466"},{"taxonomy":"post_tag","embeddable":true,"href":"https:\/\/www.egemtv.com\/index.php?rest_route=%2Fwp%2Fv2%2Ftags&post=58466"}],"curies":[{"name":"wp","href":"https:\/\/api.w.org\/{rel}","templated":true}]}}