{"id":58463,"date":"2025-10-01T10:15:22","date_gmt":"2025-10-01T07:15:22","guid":{"rendered":"https:\/\/www.egemtv.com\/?p=58463"},"modified":"2025-10-01T10:15:23","modified_gmt":"2025-10-01T07:15:23","slug":"ogrencisine-taciz-iddiasiyla-hakkinda-sorusturma-acilan-ogretim-gorevlisi-gorevinden-uzaklastirildi","status":"publish","type":"post","link":"https:\/\/www.egemtv.com\/?p=58463","title":{"rendered":"\u00d6\u011frencisine taciz iddias\u0131yla hakk\u0131nda soru\u015fturma a\u00e7\u0131lan \u00f6\u011fretim g\u00f6revlisi g\u00f6revinden uzakla\u015ft\u0131r\u0131ld\u0131"},"content":{"rendered":"<p>Burdur Mehmet Akif Ersoy \u00dcniversitesi\u2019nde \u00f6\u011frencisini taciz etti\u011fi iddias\u0131yla hakk\u0131nda soru\u015fturma a\u00e7\u0131lan \u00f6\u011fretim g\u00f6revlisi hakk\u0131ndaki dosya Y\u00fcksek\u00f6\u011fretim Kurulu (Y\u00d6K) Y\u00fcksek Disiplin Kuruluna bildirildi. Bahse konu \u00f6\u011fretim g\u00f6revlisinin \u00fcniversite ile ili\u015fi\u011finin kesilmesi ve en a\u011f\u0131r cezan\u0131n uygulanmas\u0131 istendi.<br \/>\n<br \/>Edinilen bilgiye g\u00f6re, olay, 2024-2025 Akademik Y\u0131l\u0131 Bahar D\u00f6neminde Burdur Mehmet Akif Ersoy \u00dcniversitesi, Mimarl\u0131k-M\u00fchendislik Fak\u00fcltesi Bilgisayar M\u00fchendisli\u011fi B\u00f6l\u00fcm\u00fc\u2019nde ya\u015fand\u0131. \u0130ddiaya g\u00f6re, Bilgisayar M\u00fchendisli\u011fi B\u00f6l\u00fcm\u00fc\u2019nde \u00e7al\u0131\u015fan doktor \u00f6\u011fretim g\u00f6revlisi M.B., b\u00f6l\u00fcmdeki \u00f6\u011frencisine taciz ve cinsel i\u00e7erikli mesajlar att\u0131. Bunun \u00fczerine k\u0131z \u00f6\u011frenci vakit kaybetmeden durumu fak\u00fclte y\u00f6netime bildirdi. Fak\u00fclte y\u00f6netimi taraf\u0131ndan \u00fcniversite y\u00f6netimine aktar\u0131lmas\u0131n\u0131n ard\u0131ndan bahse konu \u00f6\u011fretim g\u00f6revlisi hakk\u0131nda g\u00f6revinden uzakla\u015ft\u0131rma karar\u0131 al\u0131narak soru\u015fturma ba\u015flat\u0131ld\u0131. \u00dcniversite taraf\u0131ndan yap\u0131lan tahkikatt\u0131n tamamlanmas\u0131n\u0131n ard\u0131ndan \u00f6\u011fretim g\u00f6revlisi hakk\u0131nda \u2019kamu g\u00f6revinden \u00e7\u0131karma\u2019 teklifi ile konu Y\u00fcksek\u00f6\u011fretim Kurulu, Y\u00fcksek Disiplin Kuruluna bildirildi. \u00dcniversite y\u00f6netimi taraf\u0131ndan s\u00fcrecin hassas ve t\u00fcm detaylar\u0131yla ilerledi \u00f6\u011frenilirken bahse konu \u00f6\u011fretim g\u00f6revlisinin \u00fcniversite ile ili\u015fi\u011finin kesilmesi ve en a\u011f\u0131r cezan\u0131n uygulanmas\u0131 istendi.<br \/><\/p>\n","protected":false},"excerpt":{"rendered":"<p>Burdur Mehmet Akif Ersoy \u00dcniversitesi\u2019nde \u00f6\u011frencisini taciz etti\u011fi iddias\u0131yla hakk\u0131nda soru\u015fturma a\u00e7\u0131lan \u00f6\u011fretim g\u00f6revlisi hakk\u0131ndaki dosya Y\u00fcksek\u00f6\u011fretim Kurulu (Y\u00d6K) Y\u00fcksek Disiplin Kuruluna bildirildi. Bahse konu \u00f6\u011fretim g\u00f6revlisinin \u00fcniversite ile ili\u015fi\u011finin kesilmesi ve en a\u011f\u0131r cezan\u0131n uygulanmas\u0131 istendi. Edinilen bilgiye g\u00f6re, olay, 2024-2025 Akademik Y\u0131l\u0131 Bahar D\u00f6neminde Burdur Mehmet Akif Ersoy \u00dcniversitesi, Mimarl\u0131k-M\u00fchendislik Fak\u00fcltesi Bilgisayar M\u00fchendisli\u011fi&#8230;<\/p>\n","protected":false},"author":1,"featured_media":58464,"comment_status":"open","ping_status":"open","sticky":false,"template":"","format":"standard","meta":{"_crdt_document":"","footnotes":""},"categories":[5],"tags":[],"class_list":["post-58463","post","type-post","status-publish","format-standard","has-post-thumbnail","hentry","category-asayis"],"_links":{"self":[{"href":"https:\/\/www.egemtv.com\/index.php?rest_route=\/wp\/v2\/posts\/58463","targetHints":{"allow":["GET"]}}],"collection":[{"href":"https:\/\/www.egemtv.com\/index.php?rest_route=\/wp\/v2\/posts"}],"about":[{"href":"https:\/\/www.egemtv.com\/index.php?rest_route=\/wp\/v2\/types\/post"}],"author":[{"embeddable":true,"href":"https:\/\/www.egemtv.com\/index.php?rest_route=\/wp\/v2\/users\/1"}],"replies":[{"embeddable":true,"href":"https:\/\/www.egemtv.com\/index.php?rest_route=%2Fwp%2Fv2%2Fcomments&post=58463"}],"version-history":[{"count":1,"href":"https:\/\/www.egemtv.com\/index.php?rest_route=\/wp\/v2\/posts\/58463\/revisions"}],"predecessor-version":[{"id":58465,"href":"https:\/\/www.egemtv.com\/index.php?rest_route=\/wp\/v2\/posts\/58463\/revisions\/58465"}],"wp:featuredmedia":[{"embeddable":true,"href":"https:\/\/www.egemtv.com\/index.php?rest_route=\/wp\/v2\/media\/58464"}],"wp:attachment":[{"href":"https:\/\/www.egemtv.com\/index.php?rest_route=%2Fwp%2Fv2%2Fmedia&parent=58463"}],"wp:term":[{"taxonomy":"category","embeddable":true,"href":"https:\/\/www.egemtv.com\/index.php?rest_route=%2Fwp%2Fv2%2Fcategories&post=58463"},{"taxonomy":"post_tag","embeddable":true,"href":"https:\/\/www.egemtv.com\/index.php?rest_route=%2Fwp%2Fv2%2Ftags&post=58463"}],"curies":[{"name":"wp","href":"https:\/\/api.w.org\/{rel}","templated":true}]}}