{"id":58460,"date":"2025-10-01T10:15:20","date_gmt":"2025-10-01T07:15:20","guid":{"rendered":"https:\/\/www.egemtv.com\/?p=58460"},"modified":"2025-10-01T10:15:21","modified_gmt":"2025-10-01T07:15:21","slug":"aydinda-kestane-hasat-sezonu-icin-hazirliklar-basladi","status":"publish","type":"post","link":"https:\/\/www.egemtv.com\/?p=58460","title":{"rendered":"Ayd\u0131n\u2019da kestane hasat sezonu i\u00e7in haz\u0131rl\u0131klar ba\u015flad\u0131"},"content":{"rendered":"<p>T\u00fcrkiye\u2019nin en \u00f6nemli kestane \u00fcretim merkezi konumunda olan Ayd\u0131n ve \u0130zmir da\u011flar\u0131nda sezon haz\u0131rl\u0131klar\u0131 ba\u015flad\u0131. Aylard\u0131r ya\u011fmur bekleyen kestane \u00fcreticisi Eyl\u00fcl ay\u0131n\u0131n son haftas\u0131nda sezonun ilk ya\u011fmuru d\u00fc\u015f\u00fcnce bah\u00e7elerde temizlik \u00e7al\u0131\u015fmas\u0131 yapt\u0131.<\/p>\n<p>Ayd\u0131n\u2019da yakla\u015f\u0131k 8 bin dekar alanda kestane \u00fcretimi ger\u00e7ekle\u015ftirilirken, en yo\u011fun \u00fcretimin Nazilli, K\u00f6\u015fk ve Sultanhisar il\u00e7elerinde oldu\u011fu belirtildi. \u00d6n\u00fcm\u00fczdeki haftadan itibaren hava durumuna g\u00f6re hasad\u0131 ba\u015flanmas\u0131 beklenen kestanenin bu y\u0131l y\u00fcksek kesimlerde iyi, da\u011f eteklerindeki b\u00f6lgelerde ise zay\u0131f oldu\u011fu belirtildi.<\/p>\n<p>Ayd\u0131n\u2019\u0131n kestane \u00fcretiminde T\u00fcrkiye\u2019nin lider ili odlu\u011funu belirten \u00e7ift\u00e7iler sa\u011fl\u0131kl\u0131 bir hasat i\u00e7in bah\u00e7elerde dip temizli\u011fi yapman\u0131n \u015fart oldu\u011funu belirttiler. T\u0131rpan makineleri ile bah\u00e7elerin temizli\u011fini yapan K\u00f6\u015fkl\u00fc \u00e7ift\u00e7ilerden Sadettin K\u0131l\u0131n\u00e7, &#8220;A\u011fa\u00e7tan \u00e7\u0131rp\u0131larak yere d\u00fc\u015f\u00fcr\u00fclen kestanenin yerde kaybolmamas\u0131 i\u00e7in mutlaka dip temizli\u011fi yap\u0131lmas\u0131 gerekiyor. Eskiden bu i\u015flem oraklarla yap\u0131l\u0131rd\u0131. Art\u0131k t\u0131rpan makineleri ile yap\u0131l\u0131yor. Bu da ayr\u0131 bir i\u015f kolu oldu. Bu y\u0131l her \u00fcr\u00fcnde oldu\u011fu gibi kestanede de kurakl\u0131\u011f\u0131n etkisi \u00e7ok fazla. G\u00f6r\u00fcld\u00fc\u011f\u00fc kadar\u0131yla taban arazilerde \u00fcr\u00fcn kurakl\u0131k nedeniyle yeterince beslenemedi\u011fi i\u00e7in zay\u0131f. Y\u00fcksek kesimlerde normal. Ya\u011f\u0131\u015flar\u0131n arkas\u0131 gelirse \u00fcr\u00fcnler irile\u015fir. Yoksa k\u00fc\u00e7\u00fck kalacak&#8221; diyerek son y\u0131llarda tar\u0131mdaki en b\u00fcy\u00fck s\u0131k\u0131nt\u0131n\u0131n kurakl\u0131k oldu\u011funu belirtti.<br \/><\/p>\n","protected":false},"excerpt":{"rendered":"<p>T\u00fcrkiye\u2019nin en \u00f6nemli kestane \u00fcretim merkezi konumunda olan Ayd\u0131n ve \u0130zmir da\u011flar\u0131nda sezon haz\u0131rl\u0131klar\u0131 ba\u015flad\u0131. Aylard\u0131r ya\u011fmur bekleyen kestane \u00fcreticisi Eyl\u00fcl ay\u0131n\u0131n son haftas\u0131nda sezonun ilk ya\u011fmuru d\u00fc\u015f\u00fcnce bah\u00e7elerde temizlik \u00e7al\u0131\u015fmas\u0131 yapt\u0131. Ayd\u0131n\u2019da yakla\u015f\u0131k 8 bin dekar alanda kestane \u00fcretimi ger\u00e7ekle\u015ftirilirken, en yo\u011fun \u00fcretimin Nazilli, K\u00f6\u015fk ve Sultanhisar il\u00e7elerinde oldu\u011fu belirtildi. \u00d6n\u00fcm\u00fczdeki haftadan itibaren hava&#8230;<\/p>\n","protected":false},"author":1,"featured_media":58461,"comment_status":"open","ping_status":"open","sticky":false,"template":"","format":"standard","meta":{"_crdt_document":"","footnotes":""},"categories":[125],"tags":[],"class_list":["post-58460","post","type-post","status-publish","format-standard","has-post-thumbnail","hentry","category-ekonomi"],"_links":{"self":[{"href":"https:\/\/www.egemtv.com\/index.php?rest_route=\/wp\/v2\/posts\/58460","targetHints":{"allow":["GET"]}}],"collection":[{"href":"https:\/\/www.egemtv.com\/index.php?rest_route=\/wp\/v2\/posts"}],"about":[{"href":"https:\/\/www.egemtv.com\/index.php?rest_route=\/wp\/v2\/types\/post"}],"author":[{"embeddable":true,"href":"https:\/\/www.egemtv.com\/index.php?rest_route=\/wp\/v2\/users\/1"}],"replies":[{"embeddable":true,"href":"https:\/\/www.egemtv.com\/index.php?rest_route=%2Fwp%2Fv2%2Fcomments&post=58460"}],"version-history":[{"count":1,"href":"https:\/\/www.egemtv.com\/index.php?rest_route=\/wp\/v2\/posts\/58460\/revisions"}],"predecessor-version":[{"id":58462,"href":"https:\/\/www.egemtv.com\/index.php?rest_route=\/wp\/v2\/posts\/58460\/revisions\/58462"}],"wp:featuredmedia":[{"embeddable":true,"href":"https:\/\/www.egemtv.com\/index.php?rest_route=\/wp\/v2\/media\/58461"}],"wp:attachment":[{"href":"https:\/\/www.egemtv.com\/index.php?rest_route=%2Fwp%2Fv2%2Fmedia&parent=58460"}],"wp:term":[{"taxonomy":"category","embeddable":true,"href":"https:\/\/www.egemtv.com\/index.php?rest_route=%2Fwp%2Fv2%2Fcategories&post=58460"},{"taxonomy":"post_tag","embeddable":true,"href":"https:\/\/www.egemtv.com\/index.php?rest_route=%2Fwp%2Fv2%2Ftags&post=58460"}],"curies":[{"name":"wp","href":"https:\/\/api.w.org\/{rel}","templated":true}]}}