{"id":58457,"date":"2025-10-01T10:15:17","date_gmt":"2025-10-01T07:15:17","guid":{"rendered":"https:\/\/www.egemtv.com\/?p=58457"},"modified":"2025-10-01T10:15:19","modified_gmt":"2025-10-01T07:15:19","slug":"agaclara-yazi-yazanlari-tabela-ile-uyardi","status":"publish","type":"post","link":"https:\/\/www.egemtv.com\/?p=58457","title":{"rendered":"A\u011fa\u00e7lara yaz\u0131 yazanlar\u0131 tabela ile uyard\u0131"},"content":{"rendered":"<p>Mu\u011fla\u2019n\u0131n Ula il\u00e7esi Ak\u00e7ap\u0131nar Mahallesi\u2019ndeki A\u011fa\u00e7l\u0131 Yol\u2019daki (A\u015f\u0131klar Yolu) a\u011fa\u00e7lara yaz\u0131 yazanlar muhtarl\u0131k taraf\u0131ndan as\u0131lan tabela ile uyar\u0131ld\u0131.<br \/>\n<br \/>Marmaris yolu \u00fczerinde bulunan ve do\u011fal g\u00fczelli\u011fi ile dikkat \u00e7eken Ak\u00e7ap\u0131nar a\u011fa\u00e7l\u0131 yol, di\u011fer ad\u0131yla A\u015f\u0131klar Yolu \u00fczerindeki a\u011fa\u00e7lar \u00fczerine yaz\u0131lan ve kaz\u0131nan yaz\u0131lar ile tahrip ediliyor. Yol boyunca s\u0131ralanan a\u011fa\u00e7lar\u0131n g\u00f6vdeleri, baz\u0131 sorumsuz ki\u015filer taraf\u0131ndan yaz\u0131larla adeta yaz\u0131 tahtas\u0131na d\u00f6n\u00fc\u015ft\u00fcr\u00fcld\u00fc.<br \/>\n<br \/>Do\u011fal g\u00fczelli\u011fiyle \u00fcnlenen bu \u00f6zel yol, bilin\u00e7sizce yap\u0131lan m\u00fcdahaleler nedeniyle her ge\u00e7en y\u0131l daha fazla zarar g\u00f6rd\u00fc\u011f\u00fcn\u00fc ifade eden Ak\u00e7ap\u0131nar Mahallesi Muhtar\u0131 \u015eener Baykara, duruma tepki g\u00f6stererek, a\u011fa\u00e7lar\u0131n korunmas\u0131 i\u00e7in bir uyar\u0131 tabelas\u0131 yerle\u015ftirdi.<br \/>\n<br \/>Tabelada, &#8220;A\u015f\u0131klar yolumuzu gelecek nesillere miras b\u0131rakmak ve korumak i\u00e7in a\u011fa\u00e7lara yaz\u0131 yazmay\u0131n, zarar vermeyin. Yaz\u0131 yazan veya zarar veren g\u00f6r\u00fcld\u00fc\u011f\u00fcnde l\u00fctfen 112\u2019ye ihbar edin&#8221; ifadeleri yer ald\u0131.<br \/><\/p>\n","protected":false},"excerpt":{"rendered":"<p>Mu\u011fla\u2019n\u0131n Ula il\u00e7esi Ak\u00e7ap\u0131nar Mahallesi\u2019ndeki A\u011fa\u00e7l\u0131 Yol\u2019daki (A\u015f\u0131klar Yolu) a\u011fa\u00e7lara yaz\u0131 yazanlar muhtarl\u0131k taraf\u0131ndan as\u0131lan tabela ile uyar\u0131ld\u0131. Marmaris yolu \u00fczerinde bulunan ve do\u011fal g\u00fczelli\u011fi ile dikkat \u00e7eken Ak\u00e7ap\u0131nar a\u011fa\u00e7l\u0131 yol, di\u011fer ad\u0131yla A\u015f\u0131klar Yolu \u00fczerindeki a\u011fa\u00e7lar \u00fczerine yaz\u0131lan ve kaz\u0131nan yaz\u0131lar ile tahrip ediliyor. Yol boyunca s\u0131ralanan a\u011fa\u00e7lar\u0131n g\u00f6vdeleri, baz\u0131 sorumsuz ki\u015filer taraf\u0131ndan yaz\u0131larla&#8230;<\/p>\n","protected":false},"author":1,"featured_media":58458,"comment_status":"open","ping_status":"open","sticky":false,"template":"","format":"standard","meta":{"_crdt_document":"","footnotes":""},"categories":[1],"tags":[],"class_list":["post-58457","post","type-post","status-publish","format-standard","has-post-thumbnail","hentry","category-guncel"],"_links":{"self":[{"href":"https:\/\/www.egemtv.com\/index.php?rest_route=\/wp\/v2\/posts\/58457","targetHints":{"allow":["GET"]}}],"collection":[{"href":"https:\/\/www.egemtv.com\/index.php?rest_route=\/wp\/v2\/posts"}],"about":[{"href":"https:\/\/www.egemtv.com\/index.php?rest_route=\/wp\/v2\/types\/post"}],"author":[{"embeddable":true,"href":"https:\/\/www.egemtv.com\/index.php?rest_route=\/wp\/v2\/users\/1"}],"replies":[{"embeddable":true,"href":"https:\/\/www.egemtv.com\/index.php?rest_route=%2Fwp%2Fv2%2Fcomments&post=58457"}],"version-history":[{"count":1,"href":"https:\/\/www.egemtv.com\/index.php?rest_route=\/wp\/v2\/posts\/58457\/revisions"}],"predecessor-version":[{"id":58459,"href":"https:\/\/www.egemtv.com\/index.php?rest_route=\/wp\/v2\/posts\/58457\/revisions\/58459"}],"wp:featuredmedia":[{"embeddable":true,"href":"https:\/\/www.egemtv.com\/index.php?rest_route=\/wp\/v2\/media\/58458"}],"wp:attachment":[{"href":"https:\/\/www.egemtv.com\/index.php?rest_route=%2Fwp%2Fv2%2Fmedia&parent=58457"}],"wp:term":[{"taxonomy":"category","embeddable":true,"href":"https:\/\/www.egemtv.com\/index.php?rest_route=%2Fwp%2Fv2%2Fcategories&post=58457"},{"taxonomy":"post_tag","embeddable":true,"href":"https:\/\/www.egemtv.com\/index.php?rest_route=%2Fwp%2Fv2%2Ftags&post=58457"}],"curies":[{"name":"wp","href":"https:\/\/api.w.org\/{rel}","templated":true}]}}