{"id":58454,"date":"2025-10-01T09:55:12","date_gmt":"2025-10-01T06:55:12","guid":{"rendered":"https:\/\/www.egemtv.com\/?p=58454"},"modified":"2025-10-01T09:55:14","modified_gmt":"2025-10-01T06:55:14","slug":"kanserin-sessiz-ilerleyisini-taramalarla-durdurun","status":"publish","type":"post","link":"https:\/\/www.egemtv.com\/?p=58454","title":{"rendered":"Kanserin sessiz ilerleyi\u015fini taramalarla durdurun"},"content":{"rendered":"<p>Meme Kanseri Fark\u0131ndal\u0131k Ay\u0131nda erken tan\u0131n\u0131n hayati rol\u00fcne dikkat \u00e7eken Denizli \u00d6zel Egekent Hastanesi Genel Cerrahi Uzman\u0131 Op. Dr. Mustafa Tekin, &#8220;Kanserin sessiz ilerleyi\u015fini taramalarla durdurmak m\u00fcmk\u00fcn. Bu ay, kad\u0131nlar\u0131n sa\u011fl\u0131\u011f\u0131n\u0131 korumak ad\u0131na at\u0131lacak ad\u0131mlar\u0131n d\u00f6n\u00fcm noktas\u0131 olabilir&#8221; dedi.<\/p>\n<p>Denizli \u00d6zel Egekent Hastanesi Genel Cerrahi Uzman\u0131 Op. Dr. Mustafa Tekin, Meme Kanseri Fark\u0131ndal\u0131k Ay\u0131nda erken te\u015fhis ve tedavi y\u00f6ntemleri hakk\u0131nda \u00f6nemli bilgiler verdi. Ekim ay\u0131n\u0131n d\u00fcnya genelinde Meme Kanseri Fark\u0131ndal\u0131k Ay\u0131 olarak kutland\u0131\u011f\u0131n\u0131 ve bu d\u00f6nemde erken tan\u0131n\u0131n \u00f6neminin bir kez daha masaya yat\u0131r\u0131ld\u0131\u011f\u0131n\u0131 belirten Genel Cerrahi Uzman\u0131 Op. Dr. Mustafa Tekin, &#8220;Her y\u0131l milyonlarca kad\u0131n\u0131 etkileyen meme kanseri, erken evrede tespit edildi\u011finde tedavi ba\u015far\u0131 oran\u0131n\u0131 y\u00fczde 90\u2019\u0131n \u00fczerine \u00e7\u0131kar\u0131yor. D\u00fczenli mamografi taramalar\u0131 ve kendi kendine muayene gibi basit y\u00f6ntemlerle hastal\u0131\u011f\u0131n erken te\u015fhisinin m\u00fcmk\u00fcn olabiliyor. Erken tan\u0131, meme kanserinde hayatta kalma \u015fans\u0131n\u0131 dramatik bir \u015fekilde art\u0131r\u0131r&#8221; diyerek, kad\u0131nlar\u0131n fark\u0131ndal\u0131k etkinliklerine kat\u0131l\u0131m\u0131n\u0131 te\u015fvik etti.<\/p>\n<p>Fark\u0131ndal\u0131k ay\u0131nda yap\u0131lan \u00fccretsiz tarama kampanyalar\u0131n\u0131n \u00f6nemine dikkat \u00e7eken Op. Dr. Mustafa Tekin, &#8220;Erken tan\u0131n\u0131n faydalar\u0131, istatistiklerle de destekleniyor. D\u00fcnya Sa\u011fl\u0131k \u00d6rg\u00fct\u00fc verilerine g\u00f6re, meme kanseri vakalar\u0131n\u0131n y\u00fczde 40\u2019\u0131 erken evrede yakaland\u0131\u011f\u0131nda tam iyile\u015fme sa\u011flanabiliyor. Ancak ge\u00e7 te\u015fhislerde tedavi s\u00fcreci zorla\u015f\u0131yor ve metastaz riski art\u0131yor. Kad\u0131nlar 40 ya\u015f\u0131ndan itibaren y\u0131ll\u0131k mamografi yapt\u0131rmal\u0131. Bu kanserin sessiz ilerleyi\u015fini durdurman\u0131n en etkili yolu. Meme kanseriyle m\u00fccadelede erken tan\u0131, bireysel ve toplumsal bir sorumluluk haline geliyor. Fark\u0131ndal\u0131k ay\u0131 etkinlikleri, seminerler ve sosyal medya kampanyalar\u0131yla bu mesaj\u0131 yaymay\u0131 ama\u00e7l\u0131yor. Erken tan\u0131 sayesinde bir\u00e7ok hayat kurtulabilir, l\u00fctfen ihmal etmeyin. Bu ay, kad\u0131nlar\u0131n sa\u011fl\u0131\u011f\u0131n\u0131 korumak ad\u0131na at\u0131lacak ad\u0131mlar\u0131n d\u00f6n\u00fcm noktas\u0131 olabilir&#8221; ifadeleriyle herkesi d\u00fczenli kontroller i\u00e7in harekete ge\u00e7meye \u00e7a\u011f\u0131rd\u0131.<br \/><\/p>\n","protected":false},"excerpt":{"rendered":"<p>Meme Kanseri Fark\u0131ndal\u0131k Ay\u0131nda erken tan\u0131n\u0131n hayati rol\u00fcne dikkat \u00e7eken Denizli \u00d6zel Egekent Hastanesi Genel Cerrahi Uzman\u0131 Op. Dr. Mustafa Tekin, &#8220;Kanserin sessiz ilerleyi\u015fini taramalarla durdurmak m\u00fcmk\u00fcn. Bu ay, kad\u0131nlar\u0131n sa\u011fl\u0131\u011f\u0131n\u0131 korumak ad\u0131na at\u0131lacak ad\u0131mlar\u0131n d\u00f6n\u00fcm noktas\u0131 olabilir&#8221; dedi. Denizli \u00d6zel Egekent Hastanesi Genel Cerrahi Uzman\u0131 Op. Dr. Mustafa Tekin, Meme Kanseri Fark\u0131ndal\u0131k Ay\u0131nda erken&#8230;<\/p>\n","protected":false},"author":1,"featured_media":58455,"comment_status":"open","ping_status":"open","sticky":false,"template":"","format":"standard","meta":{"_crdt_document":"","footnotes":""},"categories":[2],"tags":[],"class_list":["post-58454","post","type-post","status-publish","format-standard","has-post-thumbnail","hentry","category-saglik"],"_links":{"self":[{"href":"https:\/\/www.egemtv.com\/index.php?rest_route=\/wp\/v2\/posts\/58454","targetHints":{"allow":["GET"]}}],"collection":[{"href":"https:\/\/www.egemtv.com\/index.php?rest_route=\/wp\/v2\/posts"}],"about":[{"href":"https:\/\/www.egemtv.com\/index.php?rest_route=\/wp\/v2\/types\/post"}],"author":[{"embeddable":true,"href":"https:\/\/www.egemtv.com\/index.php?rest_route=\/wp\/v2\/users\/1"}],"replies":[{"embeddable":true,"href":"https:\/\/www.egemtv.com\/index.php?rest_route=%2Fwp%2Fv2%2Fcomments&post=58454"}],"version-history":[{"count":1,"href":"https:\/\/www.egemtv.com\/index.php?rest_route=\/wp\/v2\/posts\/58454\/revisions"}],"predecessor-version":[{"id":58456,"href":"https:\/\/www.egemtv.com\/index.php?rest_route=\/wp\/v2\/posts\/58454\/revisions\/58456"}],"wp:featuredmedia":[{"embeddable":true,"href":"https:\/\/www.egemtv.com\/index.php?rest_route=\/wp\/v2\/media\/58455"}],"wp:attachment":[{"href":"https:\/\/www.egemtv.com\/index.php?rest_route=%2Fwp%2Fv2%2Fmedia&parent=58454"}],"wp:term":[{"taxonomy":"category","embeddable":true,"href":"https:\/\/www.egemtv.com\/index.php?rest_route=%2Fwp%2Fv2%2Fcategories&post=58454"},{"taxonomy":"post_tag","embeddable":true,"href":"https:\/\/www.egemtv.com\/index.php?rest_route=%2Fwp%2Fv2%2Ftags&post=58454"}],"curies":[{"name":"wp","href":"https:\/\/api.w.org\/{rel}","templated":true}]}}