{"id":58355,"date":"2025-09-30T15:55:56","date_gmt":"2025-09-30T12:55:56","guid":{"rendered":"https:\/\/www.egemtv.com\/?p=58355"},"modified":"2025-09-30T15:55:57","modified_gmt":"2025-09-30T12:55:57","slug":"baskan-arikan-soke-garnizon-komutani-ve-ilce-jandarma-komutaniyla-bir-araya-geldi","status":"publish","type":"post","link":"https:\/\/www.egemtv.com\/?p=58355","title":{"rendered":"Ba\u015fkan Ar\u0131kan, S\u00f6ke Garnizon Komutan\u0131 ve \u0130l\u00e7e Jandarma Komutan\u0131yla bir araya geldi"},"content":{"rendered":"<p>S\u00f6ke Belediye Ba\u015fkan\u0131 Dr. Mustafa \u0130berya Ar\u0131kan, S\u00f6ke Garnizon Komutanl\u0131\u011f\u0131 ve \u0130l\u00e7e Jandarma Komutanl\u0131\u011f\u0131\u2019na nezaket ziyaretinde bulundu.<\/p>\n<p>Ba\u015fkan Ar\u0131kan ilk olarak S\u00f6ke Garnizon Komutan\u0131 Top\u00e7u Albay Ozan Y\u0131lmaz\u2019\u0131 makam\u0131nda ziyaret etti. Ger\u00e7ekle\u015fen bulu\u015fmada Ba\u015fkan Ar\u0131kan ve Garnizon Komutan\u0131 Y\u0131lmaz bir s\u00fcre sohbet etti, g\u00f6revinde ba\u015far\u0131 dile\u011finde bulundu.<\/p>\n<p>Ard\u0131ndan Ba\u015fkan Ar\u0131kan\u2019\u0131n ikinci dura\u011f\u0131 S\u00f6ke \u0130l\u00e7e Jandarma Komutanl\u0131\u011f\u0131 oldu. \u0130l\u00e7e Jandarma Komutan\u0131 \u00dcste\u011fmen Fatih Fu\u00e7ular\u2019\u0131 ziyaret eden Ba\u015fkan Ar\u0131kan, kendisine g\u00f6revinde ba\u015far\u0131lar diledi.<\/p>\n<p>Ba\u015fkan Ar\u0131kan iki komutana da S\u00f6ke\u2019ye hizmet noktas\u0131nda kurumsal i\u015fbirli\u011fine haz\u0131r olduklar\u0131n\u0131 ifade ederken; Top\u00e7u Albay Ozan Y\u0131lmaz ve \u00dcste\u011fmen Fatih Fu\u00e7ular da ziyaretten duyduklar\u0131 memnuniyeti ifade ettiler.<\/p>\n<p>S\u00f6ke Garnizon Komutan\u0131 Top\u00e7u Albay Ozan Y\u0131lmaz ve \u0130l\u00e7e Jandarma Komutan\u0131 \u00dcste\u011fmen Fatih Fu\u00e7ular yak\u0131n zamanda S\u00f6ke\u2019deki g\u00f6revlerine ba\u015flad\u0131.<br \/><\/p>\n","protected":false},"excerpt":{"rendered":"<p>S\u00f6ke Belediye Ba\u015fkan\u0131 Dr. Mustafa \u0130berya Ar\u0131kan, S\u00f6ke Garnizon Komutanl\u0131\u011f\u0131 ve \u0130l\u00e7e Jandarma Komutanl\u0131\u011f\u0131\u2019na nezaket ziyaretinde bulundu. Ba\u015fkan Ar\u0131kan ilk olarak S\u00f6ke Garnizon Komutan\u0131 Top\u00e7u Albay Ozan Y\u0131lmaz\u2019\u0131 makam\u0131nda ziyaret etti. Ger\u00e7ekle\u015fen bulu\u015fmada Ba\u015fkan Ar\u0131kan ve Garnizon Komutan\u0131 Y\u0131lmaz bir s\u00fcre sohbet etti, g\u00f6revinde ba\u015far\u0131 dile\u011finde bulundu. Ard\u0131ndan Ba\u015fkan Ar\u0131kan\u2019\u0131n ikinci dura\u011f\u0131 S\u00f6ke \u0130l\u00e7e Jandarma&#8230;<\/p>\n","protected":false},"author":1,"featured_media":58356,"comment_status":"open","ping_status":"open","sticky":false,"template":"","format":"standard","meta":{"_crdt_document":"","footnotes":""},"categories":[123],"tags":[],"class_list":["post-58355","post","type-post","status-publish","format-standard","has-post-thumbnail","hentry","category-gundem"],"_links":{"self":[{"href":"https:\/\/www.egemtv.com\/index.php?rest_route=\/wp\/v2\/posts\/58355","targetHints":{"allow":["GET"]}}],"collection":[{"href":"https:\/\/www.egemtv.com\/index.php?rest_route=\/wp\/v2\/posts"}],"about":[{"href":"https:\/\/www.egemtv.com\/index.php?rest_route=\/wp\/v2\/types\/post"}],"author":[{"embeddable":true,"href":"https:\/\/www.egemtv.com\/index.php?rest_route=\/wp\/v2\/users\/1"}],"replies":[{"embeddable":true,"href":"https:\/\/www.egemtv.com\/index.php?rest_route=%2Fwp%2Fv2%2Fcomments&post=58355"}],"version-history":[{"count":1,"href":"https:\/\/www.egemtv.com\/index.php?rest_route=\/wp\/v2\/posts\/58355\/revisions"}],"predecessor-version":[{"id":58357,"href":"https:\/\/www.egemtv.com\/index.php?rest_route=\/wp\/v2\/posts\/58355\/revisions\/58357"}],"wp:featuredmedia":[{"embeddable":true,"href":"https:\/\/www.egemtv.com\/index.php?rest_route=\/wp\/v2\/media\/58356"}],"wp:attachment":[{"href":"https:\/\/www.egemtv.com\/index.php?rest_route=%2Fwp%2Fv2%2Fmedia&parent=58355"}],"wp:term":[{"taxonomy":"category","embeddable":true,"href":"https:\/\/www.egemtv.com\/index.php?rest_route=%2Fwp%2Fv2%2Fcategories&post=58355"},{"taxonomy":"post_tag","embeddable":true,"href":"https:\/\/www.egemtv.com\/index.php?rest_route=%2Fwp%2Fv2%2Ftags&post=58355"}],"curies":[{"name":"wp","href":"https:\/\/api.w.org\/{rel}","templated":true}]}}