{"id":58352,"date":"2025-09-30T15:55:54","date_gmt":"2025-09-30T12:55:54","guid":{"rendered":"https:\/\/www.egemtv.com\/?p=58352"},"modified":"2025-09-30T15:55:55","modified_gmt":"2025-09-30T12:55:55","slug":"atik-lastiklerle-kale-gibi-duvar-ordu","status":"publish","type":"post","link":"https:\/\/www.egemtv.com\/?p=58352","title":{"rendered":"At\u0131k lastiklerle kale gibi duvar \u00f6rd\u00fc"},"content":{"rendered":"<p>Manisa\u2019n\u0131n Sar\u0131g\u00f6l il\u00e7esinde bir \u00e7ift\u00e7i, art\u0131k \u00f6mr\u00fcn\u00fc tamamlam\u0131\u015f olan y\u00fczlerce ara\u00e7 lasti\u011finden ba\u011f evinin \u00f6n\u00fcne set duvar \u00f6rd\u00fc. Tamamen lastik ve i\u00e7leri topraktan olu\u015fan geri d\u00f6n\u00fc\u015f\u00fcm\u00fcn en g\u00fczel \u00f6rneklerinden birini sergileyen duvar, hem toprak kaymas\u0131n\u0131 \u00f6nledi hem de \u00e7i\u00e7ek ve sebzelere yuva oldu.<br \/>\n<br \/>Sar\u0131g\u00f6l il\u00e7esi Emcelli Mahallesi\u2019nde ya\u015fayan \u00e7ift\u00e7i Ahmet Tosun, 7 y\u0131l \u00f6nce ba\u011f evinin \u00f6n\u00fcnde olabilecek bir toprak kaymas\u0131n\u0131 \u00f6nlemek i\u00e7in farkl\u0131 bir y\u00f6ntem geli\u015ftirdi. Beton set duvar yerine maliyeti daha az olan \u00fc\u00e7 t\u0131r dolusu \u00f6mr\u00fcn\u00fc tamamlam\u0131\u015f trakt\u00f6r ve kamyon lasti\u011fiyle kale gibi bir duvar \u00f6ren Tosun, hem evini korudu hem de geri d\u00f6n\u00fc\u015f\u00fcme \u00f6rnek oldu.<br \/>\n<br \/>Art\u0131k \u00f6mr\u00fcn\u00fc tamamlayan ve kullan\u0131lamaz halde olan ara\u00e7 lastiklerinden kurdu\u011fu duvar sayesinde ba\u011f evini tamamlad\u0131\u011f\u0131n\u0131 kaydeden Tosun, &#8220;Bu duvar\u0131 yapmak i\u00e7in 3 t\u0131r dolusu lastik getirdim. Yetmeyince trakt\u00f6rlerle de \u00e7evreden uzunlu\u011fu 30 metre lastik getirdim. Evin \u00f6n\u00fcne hem daha ucuz oldu\u011fu i\u00e7in hem de at\u0131k lastikleri de\u011ferlendirmek i\u00e7in bu duvar\u0131 \u00f6rd\u00fcm&#8221; diyerek, lastiklerin aralar\u0131na \u00e7i\u00e7ekler ve sebzeler ekerek duvar\u0131 da de\u011ferlendirdi\u011fini anlatt\u0131.<br \/><\/p>\n","protected":false},"excerpt":{"rendered":"<p>Manisa\u2019n\u0131n Sar\u0131g\u00f6l il\u00e7esinde bir \u00e7ift\u00e7i, art\u0131k \u00f6mr\u00fcn\u00fc tamamlam\u0131\u015f olan y\u00fczlerce ara\u00e7 lasti\u011finden ba\u011f evinin \u00f6n\u00fcne set duvar \u00f6rd\u00fc. Tamamen lastik ve i\u00e7leri topraktan olu\u015fan geri d\u00f6n\u00fc\u015f\u00fcm\u00fcn en g\u00fczel \u00f6rneklerinden birini sergileyen duvar, hem toprak kaymas\u0131n\u0131 \u00f6nledi hem de \u00e7i\u00e7ek ve sebzelere yuva oldu. Sar\u0131g\u00f6l il\u00e7esi Emcelli Mahallesi\u2019nde ya\u015fayan \u00e7ift\u00e7i Ahmet Tosun, 7 y\u0131l \u00f6nce ba\u011f&#8230;<\/p>\n","protected":false},"author":1,"featured_media":58353,"comment_status":"open","ping_status":"open","sticky":false,"template":"","format":"standard","meta":{"_crdt_document":"","footnotes":""},"categories":[123],"tags":[],"class_list":["post-58352","post","type-post","status-publish","format-standard","has-post-thumbnail","hentry","category-gundem"],"_links":{"self":[{"href":"https:\/\/www.egemtv.com\/index.php?rest_route=\/wp\/v2\/posts\/58352","targetHints":{"allow":["GET"]}}],"collection":[{"href":"https:\/\/www.egemtv.com\/index.php?rest_route=\/wp\/v2\/posts"}],"about":[{"href":"https:\/\/www.egemtv.com\/index.php?rest_route=\/wp\/v2\/types\/post"}],"author":[{"embeddable":true,"href":"https:\/\/www.egemtv.com\/index.php?rest_route=\/wp\/v2\/users\/1"}],"replies":[{"embeddable":true,"href":"https:\/\/www.egemtv.com\/index.php?rest_route=%2Fwp%2Fv2%2Fcomments&post=58352"}],"version-history":[{"count":1,"href":"https:\/\/www.egemtv.com\/index.php?rest_route=\/wp\/v2\/posts\/58352\/revisions"}],"predecessor-version":[{"id":58354,"href":"https:\/\/www.egemtv.com\/index.php?rest_route=\/wp\/v2\/posts\/58352\/revisions\/58354"}],"wp:featuredmedia":[{"embeddable":true,"href":"https:\/\/www.egemtv.com\/index.php?rest_route=\/wp\/v2\/media\/58353"}],"wp:attachment":[{"href":"https:\/\/www.egemtv.com\/index.php?rest_route=%2Fwp%2Fv2%2Fmedia&parent=58352"}],"wp:term":[{"taxonomy":"category","embeddable":true,"href":"https:\/\/www.egemtv.com\/index.php?rest_route=%2Fwp%2Fv2%2Fcategories&post=58352"},{"taxonomy":"post_tag","embeddable":true,"href":"https:\/\/www.egemtv.com\/index.php?rest_route=%2Fwp%2Fv2%2Ftags&post=58352"}],"curies":[{"name":"wp","href":"https:\/\/api.w.org\/{rel}","templated":true}]}}