{"id":58349,"date":"2025-09-30T15:55:52","date_gmt":"2025-09-30T12:55:52","guid":{"rendered":"https:\/\/www.egemtv.com\/?p=58349"},"modified":"2025-09-30T15:55:54","modified_gmt":"2025-09-30T12:55:54","slug":"teslim-abdal-sultan-turbesi-tepkilerin-ardindan-temizlendi","status":"publish","type":"post","link":"https:\/\/www.egemtv.com\/?p=58349","title":{"rendered":"Teslim Abdal Sultan T\u00fcrbesi tepkilerin ard\u0131ndan temizlendi"},"content":{"rendered":"<p>Denizli\u2019de 4. Murat d\u00f6neminde ya\u015fam\u0131\u015f ve Yeni\u00e7eri Oca\u011f\u0131n\u0131n halife babas\u0131 olarak bilinen Teslim Abdal Sultan T\u00fcrbesinin aylard\u0131r bak\u0131m yap\u0131lmayan \u00e7evresi, gelen tepkilerin ard\u0131ndan Pamukkale Belediyesi ekipleri taraf\u0131ndan temizlendi.<\/p>\n<p>Pamukkale s\u0131n\u0131rlar\u0131 i\u00e7indeki Cankurtaran Mahallesi\u2019nde bulunan Teslim Abdal T\u00fcrbesi, ayn\u0131 zamanda &#8220;Ceddin deden, neslin baban; hep kahraman T\u00fcrk milleti&#8221; s\u00f6zleriyle bilinen \u00fcnl\u00fc Mehter Mar\u015f\u0131\u2019n\u0131n yazar\u0131 oldu\u011fu rivayet edilen Teslim Abdal Sultan\u2019a ait olmas\u0131 sebebiyle b\u00fcy\u00fck bir manevi \u00f6neme sahip. Hac\u0131 Bekta\u015f-\u0131 Veli dervi\u015flerinden olan Teslim Abdal Sultan\u2019\u0131n 1638 y\u0131l\u0131ndaki Ba\u011fdat ku\u015fatmas\u0131na bile kat\u0131ld\u0131\u011f\u0131 rivayet ediliyor.<\/p>\n<p>Dua etmek ve manevi huzura ermek isteyenlerin durak noktas\u0131 olan Teslim Abdal T\u00fcrbesinin \u00e7at\u0131s\u0131 neredeyse g\u00f6\u00e7me a\u015famas\u0131na gelmesi ve duvarlar\u0131nda da derin \u00e7atlaklar olu\u015fmas\u0131 ziyaret\u00e7iler taraf\u0131ndan sosyal medyada payla\u015f\u0131ld\u0131. K\u00fclt\u00fcr Varl\u0131klar\u0131 Koruma Kurulu taraf\u0131ndan tescillenmi\u015f olmas\u0131na ra\u011fmen s\u0131valar\u0131 d\u00f6k\u00fclmeye ba\u015flayan t\u00fcrbe ve i\u00e7erisinde bulundu\u011fu \u00c7ukurk\u00f6y H\u00f6y\u00fc\u011f\u00fcn\u00fcn otlar\u0131n aras\u0131nda kalmas\u0131 ve yollar\u0131n\u0131n neredeyse kapanacak hale gelmesi tepkilere yol a\u00e7t\u0131.<\/p>\n<p>Yerel ve ulusal bas\u0131nda yer alan haberlerin ard\u0131ndan ge\u00e7ti\u011fimiz g\u00fcnlerde Teslim Abdal T\u00fcrbesi\u2019ni ziyaret ederek, bak\u0131ms\u0131z kalan \u00e7evre i\u00e7in gerekli \u00e7al\u0131\u015fmalar\u0131n yap\u0131laca\u011f\u0131 s\u00f6z\u00fcn\u00fc veren Pamukkale Belediye Ba\u015fkan\u0131 Ali R\u0131za Ertemur, bu s\u00f6z\u00fcn\u00fc k\u0131sa s\u00fcrede yerine getirdi. Pamukkale Belediyesi ekipleri, t\u00fcrbenin \u00e7evresinde detayl\u0131 bir peyzaj d\u00fczenlemesi ve genel temizlik \u00e7al\u0131\u015fmas\u0131 yaparak mekan\u0131 ziyaret\u00e7ilere yak\u0131\u015f\u0131r, manevi atmosferine uygun bir hale getirdi. Bu \u00e7al\u0131\u015fma ile tarihi \u015fahsiyetin an\u0131s\u0131 ya\u015fat\u0131l\u0131rken, b\u00f6lgenin k\u00fclt\u00fcrel turizmine de katk\u0131 sa\u011flanmas\u0131 hedefleniyor.<br \/><\/p>\n","protected":false},"excerpt":{"rendered":"<p>Denizli\u2019de 4. Murat d\u00f6neminde ya\u015fam\u0131\u015f ve Yeni\u00e7eri Oca\u011f\u0131n\u0131n halife babas\u0131 olarak bilinen Teslim Abdal Sultan T\u00fcrbesinin aylard\u0131r bak\u0131m yap\u0131lmayan \u00e7evresi, gelen tepkilerin ard\u0131ndan Pamukkale Belediyesi ekipleri taraf\u0131ndan temizlendi. Pamukkale s\u0131n\u0131rlar\u0131 i\u00e7indeki Cankurtaran Mahallesi\u2019nde bulunan Teslim Abdal T\u00fcrbesi, ayn\u0131 zamanda &#8220;Ceddin deden, neslin baban; hep kahraman T\u00fcrk milleti&#8221; s\u00f6zleriyle bilinen \u00fcnl\u00fc Mehter Mar\u015f\u0131\u2019n\u0131n yazar\u0131 oldu\u011fu rivayet&#8230;<\/p>\n","protected":false},"author":1,"featured_media":58350,"comment_status":"open","ping_status":"open","sticky":false,"template":"","format":"standard","meta":{"_crdt_document":"","footnotes":""},"categories":[1],"tags":[],"class_list":["post-58349","post","type-post","status-publish","format-standard","has-post-thumbnail","hentry","category-guncel"],"_links":{"self":[{"href":"https:\/\/www.egemtv.com\/index.php?rest_route=\/wp\/v2\/posts\/58349","targetHints":{"allow":["GET"]}}],"collection":[{"href":"https:\/\/www.egemtv.com\/index.php?rest_route=\/wp\/v2\/posts"}],"about":[{"href":"https:\/\/www.egemtv.com\/index.php?rest_route=\/wp\/v2\/types\/post"}],"author":[{"embeddable":true,"href":"https:\/\/www.egemtv.com\/index.php?rest_route=\/wp\/v2\/users\/1"}],"replies":[{"embeddable":true,"href":"https:\/\/www.egemtv.com\/index.php?rest_route=%2Fwp%2Fv2%2Fcomments&post=58349"}],"version-history":[{"count":1,"href":"https:\/\/www.egemtv.com\/index.php?rest_route=\/wp\/v2\/posts\/58349\/revisions"}],"predecessor-version":[{"id":58351,"href":"https:\/\/www.egemtv.com\/index.php?rest_route=\/wp\/v2\/posts\/58349\/revisions\/58351"}],"wp:featuredmedia":[{"embeddable":true,"href":"https:\/\/www.egemtv.com\/index.php?rest_route=\/wp\/v2\/media\/58350"}],"wp:attachment":[{"href":"https:\/\/www.egemtv.com\/index.php?rest_route=%2Fwp%2Fv2%2Fmedia&parent=58349"}],"wp:term":[{"taxonomy":"category","embeddable":true,"href":"https:\/\/www.egemtv.com\/index.php?rest_route=%2Fwp%2Fv2%2Fcategories&post=58349"},{"taxonomy":"post_tag","embeddable":true,"href":"https:\/\/www.egemtv.com\/index.php?rest_route=%2Fwp%2Fv2%2Ftags&post=58349"}],"curies":[{"name":"wp","href":"https:\/\/api.w.org\/{rel}","templated":true}]}}