{"id":58346,"date":"2025-09-30T15:35:03","date_gmt":"2025-09-30T12:35:03","guid":{"rendered":"https:\/\/www.egemtv.com\/?p=58346"},"modified":"2025-09-30T15:35:04","modified_gmt":"2025-09-30T12:35:04","slug":"izmirde-elektrik-faciasi-davasi-30-sanigin-bilincli-taksirle-adam-oldurmeden-cezalandirmalari-istendi","status":"publish","type":"post","link":"https:\/\/www.egemtv.com\/?p=58346","title":{"rendered":"\u0130zmir\u2019de elektrik facias\u0131 davas\u0131: 30 san\u0131\u011f\u0131n \u2019bilin\u00e7li taksirle adam \u00f6ld\u00fcrme\u2019den cezaland\u0131rmalar\u0131 istendi"},"content":{"rendered":"<p>\u0130zmir\u2019de 2 ki\u015finin hayat\u0131n\u0131 kaybetti\u011fi elektrik facias\u0131 davas\u0131nda, savc\u0131l\u0131k m\u00fctalaas\u0131n\u0131 a\u00e7\u0131klad\u0131. Duru\u015fman\u0131n ard\u0131ndan a\u00e7\u0131klamalarda bulunan Avukat Ay\u015fe Sar\u0131\u00e7i\u00e7ek, &#8220;Savc\u0131l\u0131k 40 san\u0131ktan 30\u2019u hakk\u0131nda TCK 85\/2\u2019den bilin\u00e7li taksirle adam \u00f6ld\u00fcrmeden cezaland\u0131rma talep etti. Yarg\u0131lanmakta olan san\u0131klardan 9 tanesi i\u00e7in beraat, bir tanesi i\u00e7in de yakalama karar\u0131 var&#8221; dedi.<br \/>\n<br \/>\u0130zmir Alsancak\u2019ta ge\u00e7en y\u0131l 12 Temmuz\u2019da sa\u011fanak ya\u011f\u0131\u015f s\u0131ras\u0131nda su birikintisine basan \u00d6zge Ceren Deniz ve \u0130nan\u00e7 \u00d6ktemay\u2019\u0131n elektrik ak\u0131m\u0131na kap\u0131larak hayat\u0131n\u0131 kaybetmesiyle ilgili davan\u0131n g\u00f6r\u00fclmesine \u0130zmir 10\u2019uncu A\u011f\u0131r Ceza Mahkemesi\u2019nde devam edildi. Hayat\u0131n\u0131 kaybeden \u00d6zge Ceren Deniz\u2019in babas\u0131 Ahmet Abi, tutuklu ve baz\u0131 tutuksuz san\u0131klar ile taraf avukatlar\u0131n\u0131n kat\u0131ld\u0131\u011f\u0131 duru\u015fmada iddia makam\u0131 esas hakk\u0131nda m\u00fctalaas\u0131n\u0131 sundu. Savc\u0131, san\u0131klar\u0131n sonucu \u00f6ng\u00f6rmelerine ra\u011fmen \u00fczerlerine d\u00fc\u015fen sorumluluklar\u0131 yerine getirmediklerini ifade ederek, Abd\u00fclkadir S., Ahmet Orhan K., Ali K., Alper D., Arif K., Do\u011fan K., Erman \u00c7., F\u0131rat A., Hamza B., Mert C., Mehmet Fatih T., Mehmet Zeki A., Mesut T., M\u00fcrsel A., Yavuz G., Ceyhan D., Alara E., Ali A., Bar\u0131\u015f S., Cengiz D., Deniz S., Ekrem Y., \u0130brahim \u015e,, Koray Arif F., Mustafa A., Necati E., Sefa P., Volkan \u015e., Zekeriya T.ve Ahmet D.\u2019nin cezaland\u0131r\u0131lmas\u0131n\u0131 istedi.<br \/>\n<br \/>M\u00fctalaada, san\u0131klardan Ahmet \u00c7., Hakan G., Mehmet Zeki A., Tahsin E., Ufuk E., U\u011fur Y., Erkut B., Halit \u00d6.ve Serhat E.\u2019nin beraati talep edilirken, 1 \u015f\u00fcphelinin dosyas\u0131n\u0131n ayr\u0131ld\u0131\u011f\u0131 belirtildi. Savc\u0131, tutuklu san\u0131klar\u0131n mevcut hallerinin devam\u0131na da g\u00f6r\u00fc\u015f bildirdi. Davan\u0131n karar duru\u015fmas\u0131 10 Ekim Cuma g\u00fcn\u00fc g\u00f6r\u00fclecek.<\/p>\n<p>&#8220;En a\u011f\u0131r \u015fekilde cezaland\u0131r\u0131laca\u011f\u0131na inan\u0131yorum&#8221;<br \/>\n<br \/>Duru\u015fman\u0131n ard\u0131ndan a\u00e7\u0131klamalarda bulunan Avukat Ay\u015fe Sar\u0131\u00e7i\u00e7ek, &#8220;\u00d6zge Ceren Deniz ve \u0130nan\u00e7 \u00d6ktemay\u2019\u0131n ge\u00e7en y\u0131l Temmuz ay\u0131nda \u00f6l\u00fcm\u00fc ile ilgili \u0130zmir 10 A\u011f\u0131r Ceza Mahkemesi\u2019nde g\u00f6r\u00fclmekte olan davada bug\u00fcn iddia makam\u0131, savc\u0131l\u0131k makam\u0131 m\u00fctalaas\u0131n\u0131 a\u00e7\u0131klad\u0131. \u015eu anda g\u00f6r\u00fclmekte olan davada 40 san\u0131\u011f\u0131m\u0131z var. 40 san\u0131ktan 30 san\u0131k hakk\u0131nda TCK 85\/2\u2019den bilin\u00e7li taksirle adam \u00f6ld\u00fcrmeden cezaland\u0131rma talep etti savc\u0131l\u0131k. Yarg\u0131lanmakta olan san\u0131klardan 9 tanesi i\u00e7in beraat, bir tanesi i\u00e7in de yakalama karar\u0131 var. Yurt d\u0131\u015f\u0131nda ya\u015fayan bir ki\u015fi hakk\u0131nda da dosyan\u0131n ayr\u0131lmas\u0131 talebinde bulundu. Tutuklu san\u0131klar\u0131n tutuklulu\u011funa devam edildi. Karar duru\u015fmam\u0131z 10 Ekim saat 10\u2019da haftaya cuma dosya ile ilgili karar b\u00fcy\u00fck bir ihtimalle a\u00e7\u0131klanacak. Bizim ba\u015f\u0131ndan beri s\u00f6yledi\u011fimiz tek \u015fey \u00d6zge Ceren Deniz ve \u0130nan\u00e7 \u00d6ktemay\u2019\u0131n \u00f6l\u00fcm\u00fc ile ilgili olayda ihmal kusuru bulunan insanlar\u0131n bu olayda su\u00e7 bulunan insanlar\u0131n hak ettikleri cezay\u0131 almalar\u0131 ve insanlar\u0131n yolda y\u00fcr\u00fcrken \u00f6l\u00fcm endi\u015fesi ya\u015famadan yolda y\u00fcr\u00fcyebilmeleridir. Tek iste\u011fimiz adaletin ger\u00e7ekle\u015fmesidir&#8221; ifadelerini kulland\u0131.<br \/>\n<br \/>Hayat\u0131n\u0131 kaybeden \u00d6zge Ceren Deniz\u2019in babas\u0131 Ahmet Abi ise, &#8220;K\u0131z\u0131m\u0131n vefat\u0131ndan sorumlu olan kurum, kurulu\u015f ve ki\u015filerin en a\u011f\u0131r \u015fekilde cezaland\u0131r\u0131laca\u011f\u0131na inan\u0131yorum. Adalete g\u00fcveniyorum. Kamu vicdan\u0131n\u0131 rahatlatacak bir ceza alacaklar\u0131na inan\u0131yorum&#8221; dedi.<br \/><\/p>\n","protected":false},"excerpt":{"rendered":"<p>\u0130zmir\u2019de 2 ki\u015finin hayat\u0131n\u0131 kaybetti\u011fi elektrik facias\u0131 davas\u0131nda, savc\u0131l\u0131k m\u00fctalaas\u0131n\u0131 a\u00e7\u0131klad\u0131. Duru\u015fman\u0131n ard\u0131ndan a\u00e7\u0131klamalarda bulunan Avukat Ay\u015fe Sar\u0131\u00e7i\u00e7ek, &#8220;Savc\u0131l\u0131k 40 san\u0131ktan 30\u2019u hakk\u0131nda TCK 85\/2\u2019den bilin\u00e7li taksirle adam \u00f6ld\u00fcrmeden cezaland\u0131rma talep etti. Yarg\u0131lanmakta olan san\u0131klardan 9 tanesi i\u00e7in beraat, bir tanesi i\u00e7in de yakalama karar\u0131 var&#8221; dedi. \u0130zmir Alsancak\u2019ta ge\u00e7en y\u0131l 12 Temmuz\u2019da sa\u011fanak ya\u011f\u0131\u015f&#8230;<\/p>\n","protected":false},"author":1,"featured_media":58347,"comment_status":"open","ping_status":"open","sticky":false,"template":"","format":"standard","meta":{"_crdt_document":"","footnotes":""},"categories":[5],"tags":[],"class_list":["post-58346","post","type-post","status-publish","format-standard","has-post-thumbnail","hentry","category-asayis"],"_links":{"self":[{"href":"https:\/\/www.egemtv.com\/index.php?rest_route=\/wp\/v2\/posts\/58346","targetHints":{"allow":["GET"]}}],"collection":[{"href":"https:\/\/www.egemtv.com\/index.php?rest_route=\/wp\/v2\/posts"}],"about":[{"href":"https:\/\/www.egemtv.com\/index.php?rest_route=\/wp\/v2\/types\/post"}],"author":[{"embeddable":true,"href":"https:\/\/www.egemtv.com\/index.php?rest_route=\/wp\/v2\/users\/1"}],"replies":[{"embeddable":true,"href":"https:\/\/www.egemtv.com\/index.php?rest_route=%2Fwp%2Fv2%2Fcomments&post=58346"}],"version-history":[{"count":1,"href":"https:\/\/www.egemtv.com\/index.php?rest_route=\/wp\/v2\/posts\/58346\/revisions"}],"predecessor-version":[{"id":58348,"href":"https:\/\/www.egemtv.com\/index.php?rest_route=\/wp\/v2\/posts\/58346\/revisions\/58348"}],"wp:featuredmedia":[{"embeddable":true,"href":"https:\/\/www.egemtv.com\/index.php?rest_route=\/wp\/v2\/media\/58347"}],"wp:attachment":[{"href":"https:\/\/www.egemtv.com\/index.php?rest_route=%2Fwp%2Fv2%2Fmedia&parent=58346"}],"wp:term":[{"taxonomy":"category","embeddable":true,"href":"https:\/\/www.egemtv.com\/index.php?rest_route=%2Fwp%2Fv2%2Fcategories&post=58346"},{"taxonomy":"post_tag","embeddable":true,"href":"https:\/\/www.egemtv.com\/index.php?rest_route=%2Fwp%2Fv2%2Ftags&post=58346"}],"curies":[{"name":"wp","href":"https:\/\/api.w.org\/{rel}","templated":true}]}}