{"id":58343,"date":"2025-09-30T15:15:03","date_gmt":"2025-09-30T12:15:03","guid":{"rendered":"https:\/\/www.egemtv.com\/?p=58343"},"modified":"2025-09-30T15:15:06","modified_gmt":"2025-09-30T12:15:06","slug":"afad-koordinasyonunda-kyk-yurtlarinda-kapsamli-afet-egitimi-ve-deprem-tatbikati-gerceklestirildi","status":"publish","type":"post","link":"https:\/\/www.egemtv.com\/?p=58343","title":{"rendered":"AFAD koordinasyonunda KYK yurtlar\u0131nda kapsaml\u0131 Afet E\u011fitimi ve deprem tatbikat\u0131 ger\u00e7ekle\u015ftirildi"},"content":{"rendered":"<p>Mu\u011fla \u0130l Afet ve Acil Durum M\u00fcd\u00fcrl\u00fc\u011f\u00fc (AFAD) taraf\u0131ndan, Mente\u015fe il\u00e7esinde bulunan KYK Mu\u011fla Erkek Yurdu ve \u015eahidi K\u0131z Yurdu \u00f6\u011frencilerine y\u00f6nelik kapsaml\u0131 bir Temel Afet Bilinci E\u011fitimi ve ard\u0131ndan ba\u015far\u0131l\u0131 bir deprem tahliye tatbikat\u0131 d\u00fczenlendi.<br \/>\n<br \/>Gen\u00e7lik ve Spor Bakanl\u0131\u011f\u0131\u2019na ba\u011fl\u0131 yurtlarda kalan \u00f6\u011frencilerin afetlere kar\u015f\u0131 haz\u0131rl\u0131kl\u0131 olmas\u0131 amac\u0131yla ger\u00e7ekle\u015ftirilen bu e\u011fitim ve tatbikat, muhtemel bir deprem an\u0131nda do\u011fru davran\u0131\u015f bi\u00e7imlerini yerle\u015ftirmeyi hedefledi.<br \/>\n<br \/>E\u011fitim ve tatbikat detaylar\u0131<br \/>\n<br \/>AFAD Mu\u011fla \u0130l M\u00fcd\u00fcrl\u00fc\u011f\u00fc uzmanlar\u0131 taraf\u0131ndan verilen e\u011fitimde, yurtlarda kalan y\u00fczlerce \u00f6\u011frenciye \u00f6ncelikle teorik bilgiler aktar\u0131ld\u0131: Temel Afet bilinci: Afet t\u00fcrleri, T\u00fcrkiye\u2019nin deprem tehlikesi ve afet \u00f6ncesi, s\u0131ras\u0131 ve sonras\u0131nda yap\u0131lmas\u0131 gereken haz\u0131rl\u0131klar anlat\u0131ld\u0131. Do\u011fru davran\u0131\u015flar: \u00d6zellikle deprem an\u0131nda hayat kurtaran &#8220;\u00c7\u00f6k-Kapan-Tutun&#8221; pozisyonunun \u00f6nemi ve nas\u0131l uygulanaca\u011f\u0131 uygulamal\u0131 olarak g\u00f6sterildi. Tahliye kurallar\u0131: Acil durum toplanma alanlar\u0131, tahliye yollar\u0131 ve panik yapmadan binay\u0131 g\u00fcvenli bir \u015fekilde terk etme y\u00f6ntemleri detayl\u0131ca a\u00e7\u0131kland\u0131.<br \/>\n<br \/>Teorik e\u011fitimin ard\u0131ndan, senaryo gere\u011fi yurt binas\u0131nda deprem alarm\u0131 \u00e7al\u0131nd\u0131. \u00d6\u011frenciler, ald\u0131klar\u0131 e\u011fitim do\u011frultusunda h\u0131zla &#8220;\u00c7\u00f6k-Kapan-Tutun&#8221; hareketini uygulad\u0131. Sars\u0131nt\u0131n\u0131n durmas\u0131n\u0131n hemen ard\u0131ndan ise, yurt personeli ve AFAD ekiplerinin y\u00f6nlendirmesiyle binay\u0131 h\u0131zla ve g\u00fcvenli bir \u015fekilde tahliye ettiler.<br \/>\n<br \/>AFAD ve KYK i\u015fbirli\u011finde y\u00fcr\u00fct\u00fclen bu t\u00fcr tatbikatlar, \u00f6\u011frencilerin afetlere kar\u015f\u0131 diren\u00e7li bir topluluk olu\u015fturmas\u0131nda kilit rol oynuyor. Tatbikatla, muhtemel bir afet durumunda yurtlar\u0131n tahliye planlar\u0131n\u0131n etkinli\u011fi test edilmi\u015f ve \u00f6\u011frencilerin edindi\u011fi bilgileri uygulamaya d\u00f6kme becerisi peki\u015ftirilmi\u015ftir.<br \/>\n<br \/>Tatbikat sonunda toplanma alan\u0131nda bir araya gelen \u00f6\u011frencilere, AFAD yetkilileri taraf\u0131ndan tatbikat\u0131n ba\u015far\u0131l\u0131 ge\u00e7ti\u011fi bilgisi verilerek, afet bilincinin hayat boyu s\u00fcrd\u00fcr\u00fclmesi gerekti\u011fi vurguland\u0131.<br \/>\n<br \/>Bu \u00e7al\u0131\u015fmalar\u0131n, gen\u00e7lerin kendi g\u00fcvenliklerini sa\u011flama ve \u00e7evrelerine destek olma yeteneklerini art\u0131rarak, afetlere haz\u0131rl\u0131kl\u0131 nesiller yeti\u015ftirilmesine \u00f6nemli katk\u0131lar sa\u011flad\u0131\u011f\u0131 belirtildi.<br \/><\/p>\n","protected":false},"excerpt":{"rendered":"<p>Mu\u011fla \u0130l Afet ve Acil Durum M\u00fcd\u00fcrl\u00fc\u011f\u00fc (AFAD) taraf\u0131ndan, Mente\u015fe il\u00e7esinde bulunan KYK Mu\u011fla Erkek Yurdu ve \u015eahidi K\u0131z Yurdu \u00f6\u011frencilerine y\u00f6nelik kapsaml\u0131 bir Temel Afet Bilinci E\u011fitimi ve ard\u0131ndan ba\u015far\u0131l\u0131 bir deprem tahliye tatbikat\u0131 d\u00fczenlendi. Gen\u00e7lik ve Spor Bakanl\u0131\u011f\u0131\u2019na ba\u011fl\u0131 yurtlarda kalan \u00f6\u011frencilerin afetlere kar\u015f\u0131 haz\u0131rl\u0131kl\u0131 olmas\u0131 amac\u0131yla ger\u00e7ekle\u015ftirilen bu e\u011fitim ve tatbikat, muhtemel&#8230;<\/p>\n","protected":false},"author":1,"featured_media":58344,"comment_status":"open","ping_status":"open","sticky":false,"template":"","format":"standard","meta":{"_crdt_document":"","footnotes":""},"categories":[1],"tags":[],"class_list":["post-58343","post","type-post","status-publish","format-standard","has-post-thumbnail","hentry","category-guncel"],"_links":{"self":[{"href":"https:\/\/www.egemtv.com\/index.php?rest_route=\/wp\/v2\/posts\/58343","targetHints":{"allow":["GET"]}}],"collection":[{"href":"https:\/\/www.egemtv.com\/index.php?rest_route=\/wp\/v2\/posts"}],"about":[{"href":"https:\/\/www.egemtv.com\/index.php?rest_route=\/wp\/v2\/types\/post"}],"author":[{"embeddable":true,"href":"https:\/\/www.egemtv.com\/index.php?rest_route=\/wp\/v2\/users\/1"}],"replies":[{"embeddable":true,"href":"https:\/\/www.egemtv.com\/index.php?rest_route=%2Fwp%2Fv2%2Fcomments&post=58343"}],"version-history":[{"count":1,"href":"https:\/\/www.egemtv.com\/index.php?rest_route=\/wp\/v2\/posts\/58343\/revisions"}],"predecessor-version":[{"id":58345,"href":"https:\/\/www.egemtv.com\/index.php?rest_route=\/wp\/v2\/posts\/58343\/revisions\/58345"}],"wp:featuredmedia":[{"embeddable":true,"href":"https:\/\/www.egemtv.com\/index.php?rest_route=\/wp\/v2\/media\/58344"}],"wp:attachment":[{"href":"https:\/\/www.egemtv.com\/index.php?rest_route=%2Fwp%2Fv2%2Fmedia&parent=58343"}],"wp:term":[{"taxonomy":"category","embeddable":true,"href":"https:\/\/www.egemtv.com\/index.php?rest_route=%2Fwp%2Fv2%2Fcategories&post=58343"},{"taxonomy":"post_tag","embeddable":true,"href":"https:\/\/www.egemtv.com\/index.php?rest_route=%2Fwp%2Fv2%2Ftags&post=58343"}],"curies":[{"name":"wp","href":"https:\/\/api.w.org\/{rel}","templated":true}]}}