{"id":58337,"date":"2025-09-30T14:54:42","date_gmt":"2025-09-30T11:54:42","guid":{"rendered":"https:\/\/www.egemtv.com\/?p=58337"},"modified":"2025-09-30T14:54:43","modified_gmt":"2025-09-30T11:54:43","slug":"cocuklara-itfaiye-ekipmanlari-anlatildi","status":"publish","type":"post","link":"https:\/\/www.egemtv.com\/?p=58337","title":{"rendered":"\u00c7ocuklara itfaiye ekipmanlar\u0131 anlat\u0131ld\u0131"},"content":{"rendered":"<p>Burdur\u2019un G\u00f6lhisar il\u00e7esinde itfaiye erleri ile \u00e7ocuklar bulu\u015ftu. \u0130tfaiye taraf\u0131ndan \u00e7ocuklar ara\u00e7lara bindirilerek ekipmanlar\u0131 tan\u0131t\u0131ld\u0131.<br \/>\n<br \/>G\u00f6lhisar il\u00e7esi Cumhuriyet Meydan\u0131\u2019na getirdikleri itfaiye ara\u00e7lar\u0131 ve bu ara\u00e7lardan kulland\u0131klar\u0131 di\u011fer gere\u00e7leri tan\u0131tt\u0131. \u0130tfaiyecilik Haftas\u0131 \u00e7er\u00e7evesinde G\u00f6lhisar Belediye \u0130tfaiye Amirli\u011fince organize edilen programda; itfaiye ara\u00e7lar\u0131, bu ara\u00e7larda bulunan yang\u0131n ve kazalarla kurtarma operasyonlar\u0131nda kulland\u0131klar\u0131 gere\u00e7lerin tan\u0131t\u0131m\u0131n\u0131 yaparak, icra ettikleri meslekleri anlat\u0131ld\u0131.<br \/>\n<br \/>\u0130l\u00e7e meydan\u0131nda b\u00fcy\u00fck ilgi g\u00f6ren bu program \u00e7ocuklar\u0131n da ilgisini \u00e7ekti. Alandaki ara\u00e7lar\u0131 ve itfaiye erlerini g\u00f6ren minikler ko\u015far ad\u0131mlarla itfaiyelere ve itfaiye erlerinin kulland\u0131\u011f\u0131 gere\u00e7leri inceledi. Etkinlikte minikler itfaiye ara\u00e7lar\u0131na bindiler ve itfaiye erlerince kendilerine hediye edilen balonlar\u0131 oynad\u0131.<br \/><\/p>\n","protected":false},"excerpt":{"rendered":"<p>Burdur\u2019un G\u00f6lhisar il\u00e7esinde itfaiye erleri ile \u00e7ocuklar bulu\u015ftu. \u0130tfaiye taraf\u0131ndan \u00e7ocuklar ara\u00e7lara bindirilerek ekipmanlar\u0131 tan\u0131t\u0131ld\u0131. G\u00f6lhisar il\u00e7esi Cumhuriyet Meydan\u0131\u2019na getirdikleri itfaiye ara\u00e7lar\u0131 ve bu ara\u00e7lardan kulland\u0131klar\u0131 di\u011fer gere\u00e7leri tan\u0131tt\u0131. \u0130tfaiyecilik Haftas\u0131 \u00e7er\u00e7evesinde G\u00f6lhisar Belediye \u0130tfaiye Amirli\u011fince organize edilen programda; itfaiye ara\u00e7lar\u0131, bu ara\u00e7larda bulunan yang\u0131n ve kazalarla kurtarma operasyonlar\u0131nda kulland\u0131klar\u0131 gere\u00e7lerin tan\u0131t\u0131m\u0131n\u0131 yaparak, icra ettikleri&#8230;<\/p>\n","protected":false},"author":1,"featured_media":58338,"comment_status":"open","ping_status":"open","sticky":false,"template":"","format":"standard","meta":{"_crdt_document":"","footnotes":""},"categories":[123],"tags":[],"class_list":["post-58337","post","type-post","status-publish","format-standard","has-post-thumbnail","hentry","category-gundem"],"_links":{"self":[{"href":"https:\/\/www.egemtv.com\/index.php?rest_route=\/wp\/v2\/posts\/58337","targetHints":{"allow":["GET"]}}],"collection":[{"href":"https:\/\/www.egemtv.com\/index.php?rest_route=\/wp\/v2\/posts"}],"about":[{"href":"https:\/\/www.egemtv.com\/index.php?rest_route=\/wp\/v2\/types\/post"}],"author":[{"embeddable":true,"href":"https:\/\/www.egemtv.com\/index.php?rest_route=\/wp\/v2\/users\/1"}],"replies":[{"embeddable":true,"href":"https:\/\/www.egemtv.com\/index.php?rest_route=%2Fwp%2Fv2%2Fcomments&post=58337"}],"version-history":[{"count":1,"href":"https:\/\/www.egemtv.com\/index.php?rest_route=\/wp\/v2\/posts\/58337\/revisions"}],"predecessor-version":[{"id":58339,"href":"https:\/\/www.egemtv.com\/index.php?rest_route=\/wp\/v2\/posts\/58337\/revisions\/58339"}],"wp:featuredmedia":[{"embeddable":true,"href":"https:\/\/www.egemtv.com\/index.php?rest_route=\/wp\/v2\/media\/58338"}],"wp:attachment":[{"href":"https:\/\/www.egemtv.com\/index.php?rest_route=%2Fwp%2Fv2%2Fmedia&parent=58337"}],"wp:term":[{"taxonomy":"category","embeddable":true,"href":"https:\/\/www.egemtv.com\/index.php?rest_route=%2Fwp%2Fv2%2Fcategories&post=58337"},{"taxonomy":"post_tag","embeddable":true,"href":"https:\/\/www.egemtv.com\/index.php?rest_route=%2Fwp%2Fv2%2Ftags&post=58337"}],"curies":[{"name":"wp","href":"https:\/\/api.w.org\/{rel}","templated":true}]}}