{"id":58334,"date":"2025-09-30T14:15:09","date_gmt":"2025-09-30T11:15:09","guid":{"rendered":"https:\/\/www.egemtv.com\/?p=58334"},"modified":"2025-09-30T14:15:11","modified_gmt":"2025-09-30T11:15:11","slug":"adude-yeni-akademik-yilin-ilk-dersi-filistin-oldu","status":"publish","type":"post","link":"https:\/\/www.egemtv.com\/?p=58334","title":{"rendered":"AD\u00dc\u2019de yeni akademik y\u0131l\u0131n ilk dersi \u2019Filistin\u2019 oldu"},"content":{"rendered":"<p>Ayd\u0131n Adnan Menderes \u00dcniversitesi 2025-2026 Akademik Y\u0131l\u0131 ilk dersi \u2019Filistin\u2019 olurken, AD\u00dc Rekt\u00f6r\u00fc Prof. Dr. B\u00fclent Kent, &#8220;Sessizlik, bu zulme ortak olmakt\u0131r. Biz, bu ortakl\u0131\u011fa raz\u0131 de\u011filiz&#8221; dedi.<\/p>\n<p>AD\u00dc\u2019de yeni akademik y\u0131l\u0131n a\u00e7\u0131l\u0131\u015f dersi Atat\u00fcrk Kongre Merkezi Ayd\u0131n Bey Salonu\u2019nda ger\u00e7ekle\u015ftirildi. Sayg\u0131 duru\u015fu ve \u0130stiklal Mar\u015f\u0131 ile ba\u015flayan programda, ilk dersi AD\u00dc Rekt\u00f6r\u00fc Prof. Dr. B\u00fclent Kent verirken, ilk dersin konusu ise \u2018Filistin\u2019 oldu. Salonda bulunan \u00f6\u011frencilere seslenen Rekt\u00f6r Kent, &#8220;Hastaneler, okullar ve ibadethaneler hedef al\u0131nmakta; suya, g\u0131daya ve ilaca eri\u015fim dahi engellenmektedir. Bug\u00fcn, bu sald\u0131r\u0131lar ve abluka nedeniyle, Gazze \u015eeridi\u2019nde b\u00fcy\u00fck bir k\u0131sm\u0131 kad\u0131nlar ve \u00e7ocuklar olmak \u00fczere 65 bin 141 ki\u015fi hayat\u0131n\u0131 kaybetmi\u015ftir. Bu rakam yaln\u0131zca bir istatistik de\u011fil; her biri bir aileye, bir hikayeye, bir gelece\u011fe ait canlar\u0131n ac\u0131 bilan\u00e7osudur. Bu tablo, yaln\u0131zca Filistin halk\u0131n\u0131n de\u011fil, t\u00fcm insanl\u0131\u011f\u0131n onurunu yaralamaktad\u0131r. \u00c7\u00fcnk\u00fc orada ya\u015fam\u0131n\u0131 yitiren her \u00e7ocuk, sadece Filistin\u2019in de\u011fil, insanl\u0131\u011f\u0131n evlad\u0131d\u0131r. Unutmayal\u0131m; sessizlik, bu zulme ortak olmakt\u0131r. Biz, bu ortakl\u0131\u011fa raz\u0131 de\u011filiz&#8221; ifadelerine yer verdi.<\/p>\n<p>&#8220;Filistin davas\u0131 insanl\u0131\u011f\u0131n adalet aray\u0131\u015f\u0131n\u0131n sembol\u00fcd\u00fcr&#8221;<br \/>\n<br \/>Akademinin yaln\u0131zca bilim de\u011fil, ayn\u0131 zamanda de\u011fer ve duru\u015f \u00fcretti\u011fini vurgulayan Rekt\u00f6r Kent, &#8220;Bizler, Ayd\u0131n Adnan Menderes \u00dcniversitesi olarak yaln\u0131zca bilgi \u00fcreten bir kurum de\u011fil; ayn\u0131 zamanda toplumun vicdan\u0131n\u0131 ve ahlaki duyarl\u0131l\u0131\u011f\u0131n\u0131 canl\u0131 tutmakla y\u00fck\u00fcml\u00fc entelekt\u00fcel bir yap\u0131y\u0131z. Filistin davas\u0131, yaln\u0131zca bir co\u011frafyan\u0131n de\u011fil, insanl\u0131\u011f\u0131n evrensel adalet aray\u0131\u015f\u0131n\u0131n sembol\u00fcd\u00fcr. Bug\u00fcn buradan bir kez daha y\u00fcksek sesle ifade ediyoruz ki; bu katliam derh\u00e2l durdurulmal\u0131, Filistin halk\u0131n\u0131n ya\u015fam hakk\u0131, \u00f6zg\u00fcrl\u00fc\u011f\u00fc ve g\u00fcvenli\u011fi teminat alt\u0131na al\u0131nmal\u0131d\u0131r. Bu bir politik duru\u015f de\u011fil, vicdani bir \u00e7a\u011fr\u0131d\u0131r. Tarih, her zaman oldu\u011fu gibi; zalimleri de onlara kar\u015f\u0131 sessiz kalanlar\u0131 da unutmayacakt\u0131r. Bizim g\u00f6revimiz; \u00f6\u011frencilerimize, gen\u00e7lerimize ve gelecek nesillere adaletin, merhametin ve insanl\u0131k onurunun de\u011ferini \u00f6\u011fretmektir. Son olarak, buradan bir kez daha a\u00e7\u0131k\u00e7a ifade ediyoruz: Filistin halk\u0131n\u0131n yan\u0131nday\u0131z. Onlar\u0131n hakl\u0131, onurlu ve me\u015fru m\u00fccadelesini destekliyor; bar\u0131\u015f i\u00e7inde, \u00f6zg\u00fcr ve ba\u011f\u0131ms\u0131z bir Filistin\u2019in varl\u0131\u011f\u0131 i\u00e7in dualar\u0131m\u0131z\u0131 ve \u00e7abalar\u0131m\u0131z\u0131 s\u00fcrd\u00fcr\u00fcyoruz&#8221; diye konu\u015ftu.<\/p>\n<p>&#8220;Bu katliamlar\u0131 devletler durduram\u0131yorsa kamuoyu devreye girer&#8221;<br \/>\n<br \/>T\u00f6rende ayr\u0131ca AD\u00dc Siyasal Bilgiler Fak\u00fcltesi Dekan\u0131 Prof. Dr. Muharrem Ek\u015fi de sunum yapt\u0131. Prof. Dr. Ek\u015fi, &#8220;Hedef g\u00f6zetmeksizin okullar ve hastaneler bombalan\u0131yor ve bunun sonucunda insanlar g\u00fcvenli b\u00f6lge aray\u0131\u015f\u0131na girmi\u015flerdir. Ancak g\u00fcvenli b\u00f6lgelerin de bombalanmas\u0131 sonucunda bug\u00fcn maalesef 22 bin 227 \u00e7ocuk, 22 bin 135 kad\u0131n, 20 bin 25 erkek olmak \u00fczere toplamda 64 bin 387 ki\u015fi hayat\u0131n\u0131 kaybetmi\u015f durumda. Bunlar\u0131n hepsi sivil halk, askerden bahsetmiyoruz. Bu t\u00fcr katliamlar\u0131 devletler durduram\u0131yorsa devreye yumu\u015fak g\u00fc\u00e7 olarak kamuoyu g\u00fcc\u00fc giriyor. Sonu\u00e7 vermesi zaman alsa da tarihe de bak\u0131ld\u0131\u011f\u0131nda yumu\u015fak g\u00fc\u00e7 zaman zaman sert g\u00fcce galebe \u00e7alabiliyor&#8221; ifadelerini kulland\u0131.<\/p>\n<p>Program sonunda AD\u00dc Rekt\u00f6r\u00fc Kent, Siyasal Bilgiler Fak\u00fcltesi Dekan\u0131 Ek\u015fi\u2019ye te\u015fekk\u00fcr belgesi takdim ederken, salonda bulunan ve AD\u00dc\u2019de e\u011fitim g\u00f6ren Filistinli \u00f6\u011frencileri de yan\u0131na alarak g\u00fcn\u00fcn an\u0131s\u0131na foto\u011fraf \u00e7ektirdi.<br \/><\/p>\n","protected":false},"excerpt":{"rendered":"<p>Ayd\u0131n Adnan Menderes \u00dcniversitesi 2025-2026 Akademik Y\u0131l\u0131 ilk dersi \u2019Filistin\u2019 olurken, AD\u00dc Rekt\u00f6r\u00fc Prof. Dr. B\u00fclent Kent, &#8220;Sessizlik, bu zulme ortak olmakt\u0131r. Biz, bu ortakl\u0131\u011fa raz\u0131 de\u011filiz&#8221; dedi. AD\u00dc\u2019de yeni akademik y\u0131l\u0131n a\u00e7\u0131l\u0131\u015f dersi Atat\u00fcrk Kongre Merkezi Ayd\u0131n Bey Salonu\u2019nda ger\u00e7ekle\u015ftirildi. Sayg\u0131 duru\u015fu ve \u0130stiklal Mar\u015f\u0131 ile ba\u015flayan programda, ilk dersi AD\u00dc Rekt\u00f6r\u00fc Prof. Dr&#8230;.<\/p>\n","protected":false},"author":1,"featured_media":58335,"comment_status":"open","ping_status":"open","sticky":false,"template":"","format":"standard","meta":{"_crdt_document":"","footnotes":""},"categories":[1],"tags":[],"class_list":["post-58334","post","type-post","status-publish","format-standard","has-post-thumbnail","hentry","category-guncel"],"_links":{"self":[{"href":"https:\/\/www.egemtv.com\/index.php?rest_route=\/wp\/v2\/posts\/58334","targetHints":{"allow":["GET"]}}],"collection":[{"href":"https:\/\/www.egemtv.com\/index.php?rest_route=\/wp\/v2\/posts"}],"about":[{"href":"https:\/\/www.egemtv.com\/index.php?rest_route=\/wp\/v2\/types\/post"}],"author":[{"embeddable":true,"href":"https:\/\/www.egemtv.com\/index.php?rest_route=\/wp\/v2\/users\/1"}],"replies":[{"embeddable":true,"href":"https:\/\/www.egemtv.com\/index.php?rest_route=%2Fwp%2Fv2%2Fcomments&post=58334"}],"version-history":[{"count":1,"href":"https:\/\/www.egemtv.com\/index.php?rest_route=\/wp\/v2\/posts\/58334\/revisions"}],"predecessor-version":[{"id":58336,"href":"https:\/\/www.egemtv.com\/index.php?rest_route=\/wp\/v2\/posts\/58334\/revisions\/58336"}],"wp:featuredmedia":[{"embeddable":true,"href":"https:\/\/www.egemtv.com\/index.php?rest_route=\/wp\/v2\/media\/58335"}],"wp:attachment":[{"href":"https:\/\/www.egemtv.com\/index.php?rest_route=%2Fwp%2Fv2%2Fmedia&parent=58334"}],"wp:term":[{"taxonomy":"category","embeddable":true,"href":"https:\/\/www.egemtv.com\/index.php?rest_route=%2Fwp%2Fv2%2Fcategories&post=58334"},{"taxonomy":"post_tag","embeddable":true,"href":"https:\/\/www.egemtv.com\/index.php?rest_route=%2Fwp%2Fv2%2Ftags&post=58334"}],"curies":[{"name":"wp","href":"https:\/\/api.w.org\/{rel}","templated":true}]}}