{"id":58331,"date":"2025-09-30T14:15:06","date_gmt":"2025-09-30T11:15:06","guid":{"rendered":"https:\/\/www.egemtv.com\/?p=58331"},"modified":"2025-09-30T14:15:08","modified_gmt":"2025-09-30T11:15:08","slug":"izmirde-elektrik-faciasi-davasinda-mutalaa-aciklandi","status":"publish","type":"post","link":"https:\/\/www.egemtv.com\/?p=58331","title":{"rendered":"\u0130zmir\u2019de elektrik facias\u0131 davas\u0131nda m\u00fctalaa a\u00e7\u0131kland\u0131"},"content":{"rendered":"<p>\u0130zmir\u2019de 2 ki\u015finin hayat\u0131n\u0131 kaybetti\u011fi elektrik facias\u0131 davas\u0131nda, savc\u0131l\u0131k m\u00fctalaas\u0131n\u0131 a\u00e7\u0131klad\u0131. M\u00fctalaada 9 san\u0131\u011f\u0131n beraati talep edilirken 30 ki\u015finin cezaland\u0131r\u0131lmas\u0131 talep edildi. Aralar\u0131nda \u0130ZSU Genel M\u00fcd\u00fcr\u00fc G\u00fcrkan Erdo\u011fan ile \u0130ZSU \u00f6nceki d\u00f6nem genel m\u00fcd\u00fcr\u00fc Ali H\u0131d\u0131r K\u00f6seo\u011flu\u2019nun dosyas\u0131 ise ayr\u0131ld\u0131. Mahkeme san\u0131klar\u0131n son savunmalar\u0131 ile devam ediyor.<br \/>\n<br \/>\u0130zmir Alsancak\u2019ta ge\u00e7en y\u0131l 12 Temmuz\u2019da sa\u011fanak ya\u011f\u0131\u015f s\u0131ras\u0131nda su birikintisine basan \u00d6zge Ceren Deniz ve \u0130nan\u00e7 \u00d6ktemay\u2019\u0131n elektrik ak\u0131m\u0131na kap\u0131larak hayat\u0131n\u0131 kaybetmesiyle ilgili davan\u0131n g\u00f6r\u00fclmesine \u0130zmir Adliyesinde devam edildi. Hayat\u0131n\u0131 kaybeden \u00d6zge Ceren Deniz\u2019in babas\u0131 Ahmet Abi, tutuklu ve baz\u0131 tutuksuz san\u0131klar ile taraf avukatlar\u0131n\u0131n kat\u0131ld\u0131\u011f\u0131 duru\u015fmada iddia makam\u0131 esas hakk\u0131nda m\u00fctalaas\u0131n\u0131 sundu. Savc\u0131, san\u0131klar\u0131n sonucu \u00f6ng\u00f6rmelerine ra\u011fmen \u00fczerlerine d\u00fc\u015fen sorumluluklar\u0131 yerine getirmediklerini ifade ederek, Abd\u00fclkadir S., Ahmet Orhan K., Ali K., Alper D., Arif K., Do\u011fan K., Erman \u00c7., F\u0131rat A., Hamza B., Mert C., Mehmet Fatih T., Mehmet Zeki A., Mesut T., M\u00fcrsel A., Yavuz G., Ceyhan D., Alara E., Ali A., Bar\u0131\u015f S., Cengiz D., Deniz S., Ekrem Y., \u0130brahim \u015e,, Koray Arif F., Mustafa A., Necati E., Sefa P., Volkan \u015e., Zekeriya T.ve Ahmet D.\u2019nin cezaland\u0131r\u0131lmas\u0131n\u0131 istedi.<br \/>\n<br \/>M\u00fctalaada, san\u0131klardan Ahmet \u00c7., Hakan G., Mehmet Zeki A., Tahsin E., Ufuk E., U\u011fur Y., Erkut B., Halit \u00d6.ve Serhat E.\u2019nin beraati talep edilirken, 1 \u015f\u00fcphelinin dosyas\u0131n\u0131n ayr\u0131ld\u0131\u011f\u0131 belirtildi. Savc\u0131, tutuklu san\u0131klar\u0131n mevcut hallerinin devam\u0131na da g\u00f6r\u00fc\u015f bildirdi.<br \/><\/p>\n","protected":false},"excerpt":{"rendered":"<p>\u0130zmir\u2019de 2 ki\u015finin hayat\u0131n\u0131 kaybetti\u011fi elektrik facias\u0131 davas\u0131nda, savc\u0131l\u0131k m\u00fctalaas\u0131n\u0131 a\u00e7\u0131klad\u0131. M\u00fctalaada 9 san\u0131\u011f\u0131n beraati talep edilirken 30 ki\u015finin cezaland\u0131r\u0131lmas\u0131 talep edildi. Aralar\u0131nda \u0130ZSU Genel M\u00fcd\u00fcr\u00fc G\u00fcrkan Erdo\u011fan ile \u0130ZSU \u00f6nceki d\u00f6nem genel m\u00fcd\u00fcr\u00fc Ali H\u0131d\u0131r K\u00f6seo\u011flu\u2019nun dosyas\u0131 ise ayr\u0131ld\u0131. Mahkeme san\u0131klar\u0131n son savunmalar\u0131 ile devam ediyor. \u0130zmir Alsancak\u2019ta ge\u00e7en y\u0131l 12 Temmuz\u2019da sa\u011fanak ya\u011f\u0131\u015f&#8230;<\/p>\n","protected":false},"author":1,"featured_media":58332,"comment_status":"open","ping_status":"open","sticky":false,"template":"","format":"standard","meta":{"_crdt_document":"","footnotes":""},"categories":[5],"tags":[],"class_list":["post-58331","post","type-post","status-publish","format-standard","has-post-thumbnail","hentry","category-asayis"],"_links":{"self":[{"href":"https:\/\/www.egemtv.com\/index.php?rest_route=\/wp\/v2\/posts\/58331","targetHints":{"allow":["GET"]}}],"collection":[{"href":"https:\/\/www.egemtv.com\/index.php?rest_route=\/wp\/v2\/posts"}],"about":[{"href":"https:\/\/www.egemtv.com\/index.php?rest_route=\/wp\/v2\/types\/post"}],"author":[{"embeddable":true,"href":"https:\/\/www.egemtv.com\/index.php?rest_route=\/wp\/v2\/users\/1"}],"replies":[{"embeddable":true,"href":"https:\/\/www.egemtv.com\/index.php?rest_route=%2Fwp%2Fv2%2Fcomments&post=58331"}],"version-history":[{"count":1,"href":"https:\/\/www.egemtv.com\/index.php?rest_route=\/wp\/v2\/posts\/58331\/revisions"}],"predecessor-version":[{"id":58333,"href":"https:\/\/www.egemtv.com\/index.php?rest_route=\/wp\/v2\/posts\/58331\/revisions\/58333"}],"wp:featuredmedia":[{"embeddable":true,"href":"https:\/\/www.egemtv.com\/index.php?rest_route=\/wp\/v2\/media\/58332"}],"wp:attachment":[{"href":"https:\/\/www.egemtv.com\/index.php?rest_route=%2Fwp%2Fv2%2Fmedia&parent=58331"}],"wp:term":[{"taxonomy":"category","embeddable":true,"href":"https:\/\/www.egemtv.com\/index.php?rest_route=%2Fwp%2Fv2%2Fcategories&post=58331"},{"taxonomy":"post_tag","embeddable":true,"href":"https:\/\/www.egemtv.com\/index.php?rest_route=%2Fwp%2Fv2%2Ftags&post=58331"}],"curies":[{"name":"wp","href":"https:\/\/api.w.org\/{rel}","templated":true}]}}