{"id":58328,"date":"2025-09-30T14:15:03","date_gmt":"2025-09-30T11:15:03","guid":{"rendered":"https:\/\/www.egemtv.com\/?p=58328"},"modified":"2025-09-30T14:15:04","modified_gmt":"2025-09-30T11:15:04","slug":"tarim-ve-hayvancilik-sektorunun-bulusma-noktasi-tarfu-denizli-2025-icin-geri-sayim-basladi","status":"publish","type":"post","link":"https:\/\/www.egemtv.com\/?p=58328","title":{"rendered":"Tar\u0131m ve hayvanc\u0131l\u0131k sekt\u00f6r\u00fcn\u00fcn bulu\u015fma noktas\u0131 TARFU Denizli 2025 i\u00e7in geri say\u0131m ba\u015flad\u0131"},"content":{"rendered":"<p>Denizli\u2019de T\u00fcrkiye\u2019nin tar\u0131m ve hayvanc\u0131l\u0131k sekt\u00f6r\u00fcndeki en \u00f6nemli bulu\u015fmalar\u0131ndan biri olan 1-5 Ekim 2025 tarihleri aras\u0131nda Denizli EGS Park Fuar Alan\u0131\u2019nda d\u00fczenlenecek TARFU Denizli Tar\u0131m ve Hayvanc\u0131l\u0131k Fuar\u0131\u2019n\u0131n a\u00e7\u0131l\u0131\u015f\u0131 i\u00e7in haz\u0131rl\u0131k \u00e7al\u0131\u015fmalar\u0131 t\u00fcm h\u0131z\u0131yla devam ediyor. 1 Ekim 2025 tarihinde saat 10.00\u2019da a\u00e7\u0131lacak olan fuar ziyaret\u00e7ilerini bekliyor.<\/p>\n<p>Denizli\u2019de T\u00fcrkiye\u2019nin tar\u0131m ve hayvanc\u0131l\u0131k sekt\u00f6r\u00fcndeki en \u00f6nemli bulu\u015fmalar\u0131ndan biri olan ve 1-5 Ekim 2025 tarihleri aras\u0131nda Denizli EGS Park Fuar Alan\u0131\u2019nda d\u00fczenlenecek TARFU Denizli Tar\u0131m ve Hayvanc\u0131l\u0131k Fuar\u0131\u2019n\u0131n a\u00e7\u0131l\u0131\u015f\u0131na saatler kald\u0131. Ege B\u00f6lgesinin en \u00f6nemli bulu\u015fmalar\u0131ndan birisine ev sahipli\u011fi yapacak olan Bizim Medya Fuarc\u0131l\u0131k, dev organizasyon \u00f6ncesi fuar alan\u0131nda \u00e7al\u0131\u015fmalar\u0131n\u0131 t\u00fcm h\u0131z\u0131yla devam ediyor. 100\u2019e a\u015fk\u0131n firman\u0131n kat\u0131laca\u011f\u0131 fuarda yo\u011fun bir ziyaret\u00e7inin kat\u0131lmas\u0131 bekleniyor.<\/p>\n<p>Bizim Medya ve Fuarc\u0131l\u0131k taraf\u0131ndan d\u00fczenlenecek olan TARFU Denizli Tar\u0131m ve Hayvanc\u0131l\u0131k Fuar\u0131 1-5 Ekim 2025\u2019te kap\u0131lar\u0131n\u0131 a\u00e7\u0131yor. T\u00fcrkiye\u2019nin tar\u0131m ve hayvanc\u0131l\u0131k sekt\u00f6r\u00fcndeki en \u00f6nemli bulu\u015fmalar\u0131ndan biri olan TARFU Denizli Tar\u0131m ve Hayvanc\u0131l\u0131k Fuar\u0131, 1-5 Ekim 2025 tarihleri aras\u0131nda Denizli EGS Park Fuar Alan\u0131\u2019nda 10.00 ile 21.00 saatleri aras\u0131nda ziyaret\u00e7ileri a\u011f\u0131rlayacak. Organizasyonu Bizim Medya Fuarc\u0131l\u0131k taraf\u0131ndan ger\u00e7ekle\u015ftirilecek fuar, sekt\u00f6r\u00fcn t\u00fcm payda\u015flar\u0131n\u0131 ayn\u0131 \u00e7at\u0131 alt\u0131nda toplayarak \u00fcretici, t\u00fcketici, yat\u0131r\u0131mc\u0131 ve profesyonelleri bulu\u015fturmay\u0131 ama\u00e7l\u0131yor. Fuar s\u00fcresince, en yeni tar\u0131m ve hayvanc\u0131l\u0131k teknolojileri, makineler, ekipmanlar ve verimlili\u011fi art\u0131rmaya y\u00f6nelik \u00e7\u00f6z\u00fcmler ziyaret\u00e7ileri tan\u0131t\u0131lacak. Denizli ve \u00e7evre illerdeki kurum, kurulu\u015f ve sekt\u00f6r temsilcilerinin katk\u0131lar\u0131yla ger\u00e7ekle\u015fecek fuar, b\u00f6lgenin potansiyelini g\u00f6r\u00fcn\u00fcr k\u0131larak i\u015f birliklerinin geli\u015fmesine zemin haz\u0131rlanaca\u011f\u0131n\u0131, yerel ve ulusal d\u00fczeydeki payda\u015flar\u0131n bulu\u015fmas\u0131, sekt\u00f6rde yeni i\u015f f\u0131rsatlar\u0131n\u0131n ve ortak projelerin \u00f6n\u00fcn\u00fc a\u00e7\u0131laca\u011f\u0131n\u0131 belirtildi.<\/p>\n<p>&#8220;Herkesi 1-5 Ekim\u2019de Denizli EGS Park Fuar Alan\u0131\u2019nda d\u00fczenlenecek TARFU Denizli Tar\u0131m ve Hayvanc\u0131l\u0131k Fuar\u0131\u2019n\u0131 bekliyoruz&#8221;<br \/>\n<br \/>G\u00fc\u00e7l\u00fc bir organizasyona imza atacaklar\u0131n\u0131 ve herkese 1-5 Ekim Denizli EGS Park Fuar Alan\u0131\u2019nda d\u00fczenlenecek TARFU Denizli Tar\u0131m ve Hayvanc\u0131l\u0131k Fuar\u0131\u2019n\u0131 beklediklerini dile getiren Bizim Medya ve Fuarc\u0131l\u0131k Genel M\u00fcd\u00fcr\u00fc Eylem Karas\u00fcmen, &#8220;1-5 Ekim\u2019de Denizli EGS Park Fuar Alan\u0131\u2019nda ba\u015flayacak olan tar\u0131m fuar\u0131m\u0131z\u0131n haz\u0131rl\u0131klar\u0131 t\u00fcm h\u0131z\u0131yla devam ediyor. Bu y\u0131l 100\u2019e a\u015fk\u0131n firman\u0131n kat\u0131ld\u0131\u011f\u0131 fuarda y\u00fcksek bir ziyaret\u00e7i kat\u0131l\u0131m\u0131 bekliyoruz. G\u00fc\u00e7l\u00fc bir organizasyona imza ataca\u011f\u0131z. Biliyorsunuz ki Ege b\u00f6lgesi ve Denizli tar\u0131mda en \u00f6nemli alanlardan birisi. Bu fuarla birlikte \u00e7ift\u00e7ilerimizi hem de tar\u0131m sekt\u00f6r\u00fcn\u00fcn \u00f6nc\u00fc firmalar\u0131n\u0131 bir araya getirmekten \u00e7ok b\u00fcy\u00fck bir mutluluk duyaca\u011f\u0131z. Bu fuarda trakt\u00f6rlerden, tar\u0131m aletlerine, yeni nesil teknolojilerden s\u00fcrd\u00fcr\u00fclebilir teknolojilere kadar geni\u015f bir yelpaze ile ziyaret\u00e7ilere bulu\u015fturaca\u011f\u0131z. Herkesi 1-5 Ekim\u2019de EGS Fuar Alan\u0131nda yap\u0131lacak Tar\u0131m Fuar\u0131na bekliyoruz&#8221; dedi.<br \/><\/p>\n","protected":false},"excerpt":{"rendered":"<p>Denizli\u2019de T\u00fcrkiye\u2019nin tar\u0131m ve hayvanc\u0131l\u0131k sekt\u00f6r\u00fcndeki en \u00f6nemli bulu\u015fmalar\u0131ndan biri olan 1-5 Ekim 2025 tarihleri aras\u0131nda Denizli EGS Park Fuar Alan\u0131\u2019nda d\u00fczenlenecek TARFU Denizli Tar\u0131m ve Hayvanc\u0131l\u0131k Fuar\u0131\u2019n\u0131n a\u00e7\u0131l\u0131\u015f\u0131 i\u00e7in haz\u0131rl\u0131k \u00e7al\u0131\u015fmalar\u0131 t\u00fcm h\u0131z\u0131yla devam ediyor. 1 Ekim 2025 tarihinde saat 10.00\u2019da a\u00e7\u0131lacak olan fuar ziyaret\u00e7ilerini bekliyor. Denizli\u2019de T\u00fcrkiye\u2019nin tar\u0131m ve hayvanc\u0131l\u0131k sekt\u00f6r\u00fcndeki en \u00f6nemli&#8230;<\/p>\n","protected":false},"author":1,"featured_media":58329,"comment_status":"open","ping_status":"open","sticky":false,"template":"","format":"standard","meta":{"_crdt_document":"","footnotes":""},"categories":[125],"tags":[],"class_list":["post-58328","post","type-post","status-publish","format-standard","has-post-thumbnail","hentry","category-ekonomi"],"_links":{"self":[{"href":"https:\/\/www.egemtv.com\/index.php?rest_route=\/wp\/v2\/posts\/58328","targetHints":{"allow":["GET"]}}],"collection":[{"href":"https:\/\/www.egemtv.com\/index.php?rest_route=\/wp\/v2\/posts"}],"about":[{"href":"https:\/\/www.egemtv.com\/index.php?rest_route=\/wp\/v2\/types\/post"}],"author":[{"embeddable":true,"href":"https:\/\/www.egemtv.com\/index.php?rest_route=\/wp\/v2\/users\/1"}],"replies":[{"embeddable":true,"href":"https:\/\/www.egemtv.com\/index.php?rest_route=%2Fwp%2Fv2%2Fcomments&post=58328"}],"version-history":[{"count":1,"href":"https:\/\/www.egemtv.com\/index.php?rest_route=\/wp\/v2\/posts\/58328\/revisions"}],"predecessor-version":[{"id":58330,"href":"https:\/\/www.egemtv.com\/index.php?rest_route=\/wp\/v2\/posts\/58328\/revisions\/58330"}],"wp:featuredmedia":[{"embeddable":true,"href":"https:\/\/www.egemtv.com\/index.php?rest_route=\/wp\/v2\/media\/58329"}],"wp:attachment":[{"href":"https:\/\/www.egemtv.com\/index.php?rest_route=%2Fwp%2Fv2%2Fmedia&parent=58328"}],"wp:term":[{"taxonomy":"category","embeddable":true,"href":"https:\/\/www.egemtv.com\/index.php?rest_route=%2Fwp%2Fv2%2Fcategories&post=58328"},{"taxonomy":"post_tag","embeddable":true,"href":"https:\/\/www.egemtv.com\/index.php?rest_route=%2Fwp%2Fv2%2Ftags&post=58328"}],"curies":[{"name":"wp","href":"https:\/\/api.w.org\/{rel}","templated":true}]}}