{"id":58325,"date":"2025-09-30T13:54:55","date_gmt":"2025-09-30T10:54:55","guid":{"rendered":"https:\/\/www.egemtv.com\/?p=58325"},"modified":"2025-09-30T13:54:56","modified_gmt":"2025-09-30T10:54:56","slug":"simavda-hasar-tespit-calismalari-tamamlandi","status":"publish","type":"post","link":"https:\/\/www.egemtv.com\/?p=58325","title":{"rendered":"Simav\u2019da hasar tespit \u00e7al\u0131\u015fmalar\u0131 tamamland\u0131"},"content":{"rendered":"<p>K\u00fctahya\u2019n\u0131n Simav il\u00e7esinde, 28 Eyl\u00fcl tarihinde meydana gelen 5.4 b\u00fcy\u00fckl\u00fc\u011f\u00fcndeki depremin ard\u0131ndan b\u00f6lgede hasar g\u00f6ren binalarda hasar tespit \u00e7al\u0131\u015fmalar\u0131n\u0131n tamamland\u0131\u011f\u0131 bildirildi.<br \/>\n<br \/>B\u00f6lgede son iki g\u00fcn i\u00e7inde 01 ve 4.5 b\u00fcy\u00fckl\u00fc\u011f\u00fcnde yakla\u015f\u0131k 360 sars\u0131nt\u0131 kaydedilirken, depremde hasar g\u00f6ren Yemi\u015fli k\u00f6y\u00fcndeki 8 binada hasar tespit \u00e7al\u0131\u015fmalar\u0131 tamamland\u0131.<br \/>\n<br \/>Her zaman oldu\u011fu gibi deprem sonras\u0131 devletin vatanda\u015flar\u0131n yan\u0131nda oldu\u011funu s\u00f6yleyen Yemi\u015fli k\u00f6y\u00fc Muhtar\u0131 \u0130smail Aydo\u011fdu, k\u00f6yde hasar tespit \u00e7al\u0131\u015fmalar\u0131n\u0131n k\u0131sa s\u00fcrede tamamland\u0131\u011f\u0131n\u0131 belirtti.<br \/><\/p>\n","protected":false},"excerpt":{"rendered":"<p>K\u00fctahya\u2019n\u0131n Simav il\u00e7esinde, 28 Eyl\u00fcl tarihinde meydana gelen 5.4 b\u00fcy\u00fckl\u00fc\u011f\u00fcndeki depremin ard\u0131ndan b\u00f6lgede hasar g\u00f6ren binalarda hasar tespit \u00e7al\u0131\u015fmalar\u0131n\u0131n tamamland\u0131\u011f\u0131 bildirildi. B\u00f6lgede son iki g\u00fcn i\u00e7inde 01 ve 4.5 b\u00fcy\u00fckl\u00fc\u011f\u00fcnde yakla\u015f\u0131k 360 sars\u0131nt\u0131 kaydedilirken, depremde hasar g\u00f6ren Yemi\u015fli k\u00f6y\u00fcndeki 8 binada hasar tespit \u00e7al\u0131\u015fmalar\u0131 tamamland\u0131. Her zaman oldu\u011fu gibi deprem sonras\u0131 devletin vatanda\u015flar\u0131n yan\u0131nda oldu\u011funu&#8230;<\/p>\n","protected":false},"author":1,"featured_media":58326,"comment_status":"open","ping_status":"open","sticky":false,"template":"","format":"standard","meta":{"_crdt_document":"","footnotes":""},"categories":[5],"tags":[],"class_list":["post-58325","post","type-post","status-publish","format-standard","has-post-thumbnail","hentry","category-asayis"],"_links":{"self":[{"href":"https:\/\/www.egemtv.com\/index.php?rest_route=\/wp\/v2\/posts\/58325","targetHints":{"allow":["GET"]}}],"collection":[{"href":"https:\/\/www.egemtv.com\/index.php?rest_route=\/wp\/v2\/posts"}],"about":[{"href":"https:\/\/www.egemtv.com\/index.php?rest_route=\/wp\/v2\/types\/post"}],"author":[{"embeddable":true,"href":"https:\/\/www.egemtv.com\/index.php?rest_route=\/wp\/v2\/users\/1"}],"replies":[{"embeddable":true,"href":"https:\/\/www.egemtv.com\/index.php?rest_route=%2Fwp%2Fv2%2Fcomments&post=58325"}],"version-history":[{"count":1,"href":"https:\/\/www.egemtv.com\/index.php?rest_route=\/wp\/v2\/posts\/58325\/revisions"}],"predecessor-version":[{"id":58327,"href":"https:\/\/www.egemtv.com\/index.php?rest_route=\/wp\/v2\/posts\/58325\/revisions\/58327"}],"wp:featuredmedia":[{"embeddable":true,"href":"https:\/\/www.egemtv.com\/index.php?rest_route=\/wp\/v2\/media\/58326"}],"wp:attachment":[{"href":"https:\/\/www.egemtv.com\/index.php?rest_route=%2Fwp%2Fv2%2Fmedia&parent=58325"}],"wp:term":[{"taxonomy":"category","embeddable":true,"href":"https:\/\/www.egemtv.com\/index.php?rest_route=%2Fwp%2Fv2%2Fcategories&post=58325"},{"taxonomy":"post_tag","embeddable":true,"href":"https:\/\/www.egemtv.com\/index.php?rest_route=%2Fwp%2Fv2%2Ftags&post=58325"}],"curies":[{"name":"wp","href":"https:\/\/api.w.org\/{rel}","templated":true}]}}