{"id":58238,"date":"2025-09-30T10:14:59","date_gmt":"2025-09-30T07:14:59","guid":{"rendered":"https:\/\/www.egemtv.com\/?p=58238"},"modified":"2025-09-30T10:15:00","modified_gmt":"2025-09-30T07:15:00","slug":"ntonun-cografi-isaretli-urunler-mobil-tanitim-araci-lansmani-yapildi","status":"publish","type":"post","link":"https:\/\/www.egemtv.com\/?p=58238","title":{"rendered":"NTO\u2019nun Co\u011frafi \u0130\u015faretli \u00dcr\u00fcnler Mobil Tan\u0131t\u0131m Arac\u0131 lansman\u0131 yap\u0131ld\u0131"},"content":{"rendered":"<p>Nazilli Ticaret Odas\u0131\u2019n\u0131n b\u00f6lgedeki co\u011frafi \u00fcr\u00fcnleri tan\u0131tma amac\u0131yla haz\u0131rlad\u0131\u011f\u0131 mobil arac\u0131n lansman\u0131 yap\u0131ld\u0131.<\/p>\n<p>Co\u011frafi i\u015faretli Karacasu \u00c7\u00f6mle\u011fi, Dedeba\u011f Ke\u015fke\u011fi, Nazilli Kar Helvas\u0131, Nazilli Pidesi, Bozdo\u011fan Cevizli Sucu\u011fu ve Olukba\u015f\u0131 O\u011flak \u00c7evirme Kebab\u0131 ile \u00fcnl\u00fc Nazilli\u2019nin \u00fcr\u00fcnlerinin tan\u0131t\u0131m\u0131 i\u00e7in kollar\u0131 s\u0131vayan Nazilli Ticaret Odas\u0131 Y\u00f6netimi, bu \u00fcr\u00fcnlerin her platformda tan\u0131t\u0131lmas\u0131 i\u00e7in Mobil Tan\u0131t\u0131m Arac\u0131 haz\u0131rlad\u0131. Nazilli Ticaret Odas\u0131 Y\u00f6netim Kurulu Ba\u015fkan\u0131 Nuri Arslan, Meclis Ba\u015fkan\u0131 S\u00fcleyman G\u00fcrb\u00fcz ve oda y\u00f6netiminin ev sahipli\u011finde Oda Hizmet Binas\u0131nda d\u00fczenlenen lansmana Nazilli Belediye Ba\u015fkan\u0131 Dr. Ertu\u011frul Tetik, Sultanhisar Belediye Ba\u015fkan\u0131 Osman Y\u0131ld\u0131r\u0131mkaya, Yenipazar Belediye Ba\u015fkan\u0131 Malik Ercan, AD\u00dc Nazilli \u0130.\u0130.B.F. Dekan Yard\u0131mc\u0131s\u0131 Dr. \u00d6\u011fr. \u00dcyesi Onur Durukal ve davetliler kat\u0131ld\u0131.<\/p>\n<p>Co\u011frafi \u0130\u015faretli \u00dcr\u00fcnler Mobil Tan\u0131t\u0131m Arac\u0131\u2019nda sunumu yap\u0131lan co\u011frafi i\u015faretli \u00fcr\u00fcnlerden Nazilli Pidesi ve Olukba\u015f\u0131 O\u011flak \u00c7evirme Kebab\u0131, davetlilere g\u00f6rsel \u015f\u00f6len sunarken, tan\u0131t\u0131m\u0131n ard\u0131ndan konuklara ikram edildi.<\/p>\n<p>&#8220;Miras\u0131m\u0131za sahip \u00e7\u0131k\u0131yoruz&#8221;<br \/>\n<br \/>Nazilli Ticaret Odas\u0131 Y\u00f6netim Kurulu Ba\u015fkan\u0131 Nuri Arslan, yapt\u0131\u011f\u0131 konu\u015fmada, &#8220;Bu topraklarda yeti\u015fen \u00fcr\u00fcnlerin \u00e7e\u015fitlili\u011fi ve lezzeti, do\u011fal olarak e\u015fsiz bir gastronomi k\u00fclt\u00fcr\u00fc olu\u015fturmu\u015ftur. Do\u011fal ve organik yap\u0131s\u0131 ile bilinen sebze ve meyvelerimizden yapt\u0131\u011f\u0131m\u0131z yemekler, pideler ve mutfak \u00fcr\u00fcnleri bu topraklarda bizden \u00f6nce ya\u015fayanlar\u0131n b\u0131rakt\u0131\u011f\u0131 \u00f6nemli bir mirast\u0131r. Her biri ayr\u0131 de\u011ferde olan bu mirasa sahip \u00e7\u0131kmam\u0131z gerekti\u011fini d\u00fc\u015f\u00fcn\u00fcyoruz. Y\u00f6remize \u00f6zg\u00fc bu de\u011ferlerin vas\u0131flar\u0131n\u0131 kaybetmeden gelecek nesillere aktar\u0131lmas\u0131 i\u00e7in T\u00fcrk Patent Kurumu nezdinde co\u011frafi i\u015faret \u00e7al\u0131\u015fmalar\u0131 yap\u0131yoruz. Co\u011frafi i\u015faret tescili al\u0131nm\u0131\u015f bir \u00fcr\u00fcn; sadece belirlenen \u015fehir veya b\u00f6lgede \u00fcretilebilir anlam\u0131nda tescillenmi\u015f oluyor. Ayn\u0131 zamanda \u00fcretim tekni\u011fi ve b\u00f6lgeye \u00f6zg\u00fc malzemeler de tescil edildi\u011finden co\u011frafi i\u015faretli \u00fcr\u00fcnler b\u00f6lgenin adeta markas\u0131 olmaktad\u0131r&#8221;<\/p>\n<p>&#8220;Miraslar\u0131m\u0131zdan 7\u2019si co\u011frafi i\u015faret ald\u0131&#8221;<br \/>\n<br \/>Ba\u015fkan Nuri Arslan, &#8221; Nazilli Ticaret Odas\u0131 olarak bu g\u00fcne kadar; Nazilli Kar Helvas\u0131, Bozdo\u011fan Sucu\u011fu, Nazilli Pidesi, Karacasu Ke\u015fke\u011fi, Karacasu \u00c7\u00f6mle\u011fi, Olukba\u015f\u0131 O\u011flak \u00c7evirme Kebab\u0131 ve Bozdo\u011fan Pidesi \u00fcr\u00fcnlerimizin co\u011frafi i\u015faret tescilleri al\u0131nm\u0131\u015f olup \u00e7al\u0131\u015fmalar\u0131m\u0131z devam etmektedir. Bu \u00fcr\u00fcnlerimizin yurt genelindeki fuar ve organizasyonlarda tan\u0131t\u0131lmas\u0131, bilinirliklerinin artt\u0131r\u0131lmas\u0131 i\u00e7in bir tan\u0131t\u0131m arac\u0131na ihtiya\u00e7 oldu\u011funu g\u00f6rd\u00fck. Sadece bu ama\u00e7 do\u011frultusunda kullanmak \u00fczere enerjisini kendisi \u00fcreten, TV ve ses yay\u0131n\u0131 yapabilen, derin dondurucu ve di\u011fer ekipmanlara sahip \u00e7ok ama\u00e7l\u0131 bir arac\u0131 Nazilli\u2019ye kazand\u0131rd\u0131k. Ankara\u2019da her y\u0131l yap\u0131lan odalar birli\u011fi genel kuruluna \u00fclkenin d\u00f6rt bir yan\u0131ndan 3 binden fazla oda borsa temsilcisi ve b\u00fcrokrat kat\u0131lmaktad\u0131r. Bu y\u0131l yap\u0131lan y\u00f6resel \u00fcr\u00fcnler etkinli\u011fine arac\u0131 g\u00f6t\u00fcrd\u00fck ve \u00e7ok olumlu tepkiler ald\u0131k. Misafirler k\u0131ymal\u0131 ve tahinli pide oca\u011f\u0131n\u0131n ba\u015f\u0131nda uzun kuyruklar olu\u015fturdular. Keza o\u011flak \u00e7evirme kebab\u0131m\u0131z yo\u011fun ilgi g\u00f6rd\u00fc. Hem g\u00f6rsel anlamda hem de ikram anlam\u0131nda Ticaret Odas\u0131 Stand\u0131 ve tan\u0131t\u0131m arac\u0131m\u0131z etkinli\u011fin y\u0131ld\u0131z\u0131 olmu\u015ftur&#8221; dedi.<\/p>\n<p>&#8220;Anuga G\u0131da Fuar\u0131na kat\u0131lan ve stant a\u00e7an tek oday\u0131z&#8221;<br \/>\n<br \/>Ba\u015fkan Arslan konu\u015fmas\u0131n\u0131n sonunda \u00f6n\u00fcm\u00fczdeki Cuma sabah\u0131 Almanya\u2019da ger\u00e7ekle\u015ftirilecek olan Avrupa\u2019n\u0131n en b\u00fcy\u00fck g\u0131da fuar\u0131 olan Anuga G\u0131da Fuar\u0131\u2019na \u00fcyelerini g\u00f6t\u00fcrerek stant a\u00e7acaklar\u0131n\u0131 ifade etti. Arslan, &#8220;Ayd\u0131n b\u00f6lgesinde y\u00f6resel \u00fcr\u00fcnler noktas\u0131nda Nazilli Ticaret Odas\u0131 kadar \u00f6nem veren ba\u015fka bir oda yoktur. Biz 2023 y\u0131l\u0131ndan beri Avrupa\u2019n\u0131n en b\u00fcy\u00fck fuar\u0131 olan Almanya-Anuga G\u0131da Fuar\u0131na kat\u0131lan ve stant a\u00e7an tek oday\u0131z. Ge\u00e7en d\u00f6nemde T\u00fcrkiye\u2019den de tek odayd\u0131k. Yeni f\u0131rsatlar, yeni ihracat kanallar\u0131 ve vizyonlar\u0131n\u0131 geni\u015fletme anlam\u0131nda \u00fcyelerimizi bu fuara g\u00f6t\u00fcr\u00fcyoruz. Her seferinde de en az\u0131ndan 1-2 firmam\u0131z ihracata ba\u015fl\u0131yor. Bu da bizim iftihar kayna\u011f\u0131m\u0131z&#8221; dedi.<\/p>\n<p>&#8220;Eme\u011fi ge\u00e7enleri g\u00f6n\u00fclden kutluyorum&#8221;<br \/>\n<br \/>\u00c7al\u0131\u015fmalar\u0131ndan dolay\u0131 oda y\u00f6netimini tebrik eden Sultanhisar Belediye Ba\u015fkan\u0131 Osman Y\u0131ld\u0131r\u0131mkaya, &#8220;Nazilli Ticaret Odas\u0131\u2019n\u0131n hayata ge\u00e7irdi\u011fi Mobil Tan\u0131t\u0131m Arac\u0131 ile co\u011frafi i\u015faretli \u00fcr\u00fcnlerimizin \u00fclkemizin d\u00f6rt bir yan\u0131nda tan\u0131t\u0131lacak olmas\u0131 bizler i\u00e7in k\u0131ymetli bir kazan\u0131md\u0131r. Bu de\u011ferli \u00e7al\u0131\u015fman\u0131n Sultanhisar\u2019\u0131m\u0131za ve t\u00fcm b\u00f6lgemize hay\u0131rl\u0131 olmas\u0131n\u0131 diliyor, Nazilli Ticaret Odas\u0131 Ba\u015fkan\u0131 Nuri Arslan ve eme\u011fi ge\u00e7enleri g\u00f6n\u00fclden kutluyorum&#8221; dedi.<\/p>\n<p>&#8220;Tebrik ediyorum&#8221;<br \/>\n<br \/>Nazilli Belediye Ba\u015fkan\u0131 Dr. Ertu\u011frul Tetik de konu\u015fmas\u0131nda, &#8220;Nazilli Ticaret Odam\u0131z\u0131n Co\u011frafi \u0130\u015faretli \u00dcr\u00fcnler Tan\u0131t\u0131m Arac\u0131 lansman\u0131na kat\u0131ld\u0131\u011f\u0131m i\u00e7in \u00e7ok mutluyum. Ata miraslar\u0131m\u0131z olan de\u011ferlerimize sahip \u00e7\u0131kt\u0131klar\u0131 ve tan\u0131t\u0131m\u0131nda katk\u0131da bulunduklar\u0131 i\u00e7in eme\u011fi ge\u00e7en ba\u015fta Oda Ba\u015fkan\u0131m\u0131z Nuri Aslan olmak \u00fczere t\u00fcm \u00fcyelerimizi tebrik ediyor, hay\u0131rl\u0131 olmas\u0131n\u0131 diliyorum&#8221; ifadelerine yer verdi.<\/p>\n<p>Co\u011frafi \u0130\u015faretli \u00dcr\u00fcnler Mobil Tan\u0131t\u0131m Arac\u0131 tan\u0131t\u0131m lansman\u0131 co\u011frafi i\u015faretli \u00fcr\u00fcnlerin tan\u0131t\u0131ld\u0131\u011f\u0131 sunumun ard\u0131ndan Nazilli Pidesi ve Olukba\u015f\u0131 O\u011flak \u00c7evirme Kebab\u0131 ikram\u0131 ile son buldu.<br \/><\/p>\n","protected":false},"excerpt":{"rendered":"<p>Nazilli Ticaret Odas\u0131\u2019n\u0131n b\u00f6lgedeki co\u011frafi \u00fcr\u00fcnleri tan\u0131tma amac\u0131yla haz\u0131rlad\u0131\u011f\u0131 mobil arac\u0131n lansman\u0131 yap\u0131ld\u0131. Co\u011frafi i\u015faretli Karacasu \u00c7\u00f6mle\u011fi, Dedeba\u011f Ke\u015fke\u011fi, Nazilli Kar Helvas\u0131, Nazilli Pidesi, Bozdo\u011fan Cevizli Sucu\u011fu ve Olukba\u015f\u0131 O\u011flak \u00c7evirme Kebab\u0131 ile \u00fcnl\u00fc Nazilli\u2019nin \u00fcr\u00fcnlerinin tan\u0131t\u0131m\u0131 i\u00e7in kollar\u0131 s\u0131vayan Nazilli Ticaret Odas\u0131 Y\u00f6netimi, bu \u00fcr\u00fcnlerin her platformda tan\u0131t\u0131lmas\u0131 i\u00e7in Mobil Tan\u0131t\u0131m Arac\u0131 haz\u0131rlad\u0131. Nazilli&#8230;<\/p>\n","protected":false},"author":1,"featured_media":58239,"comment_status":"open","ping_status":"open","sticky":false,"template":"","format":"standard","meta":{"_crdt_document":"","footnotes":""},"categories":[125],"tags":[],"class_list":["post-58238","post","type-post","status-publish","format-standard","has-post-thumbnail","hentry","category-ekonomi"],"_links":{"self":[{"href":"https:\/\/www.egemtv.com\/index.php?rest_route=\/wp\/v2\/posts\/58238","targetHints":{"allow":["GET"]}}],"collection":[{"href":"https:\/\/www.egemtv.com\/index.php?rest_route=\/wp\/v2\/posts"}],"about":[{"href":"https:\/\/www.egemtv.com\/index.php?rest_route=\/wp\/v2\/types\/post"}],"author":[{"embeddable":true,"href":"https:\/\/www.egemtv.com\/index.php?rest_route=\/wp\/v2\/users\/1"}],"replies":[{"embeddable":true,"href":"https:\/\/www.egemtv.com\/index.php?rest_route=%2Fwp%2Fv2%2Fcomments&post=58238"}],"version-history":[{"count":1,"href":"https:\/\/www.egemtv.com\/index.php?rest_route=\/wp\/v2\/posts\/58238\/revisions"}],"predecessor-version":[{"id":58240,"href":"https:\/\/www.egemtv.com\/index.php?rest_route=\/wp\/v2\/posts\/58238\/revisions\/58240"}],"wp:featuredmedia":[{"embeddable":true,"href":"https:\/\/www.egemtv.com\/index.php?rest_route=\/wp\/v2\/media\/58239"}],"wp:attachment":[{"href":"https:\/\/www.egemtv.com\/index.php?rest_route=%2Fwp%2Fv2%2Fmedia&parent=58238"}],"wp:term":[{"taxonomy":"category","embeddable":true,"href":"https:\/\/www.egemtv.com\/index.php?rest_route=%2Fwp%2Fv2%2Fcategories&post=58238"},{"taxonomy":"post_tag","embeddable":true,"href":"https:\/\/www.egemtv.com\/index.php?rest_route=%2Fwp%2Fv2%2Ftags&post=58238"}],"curies":[{"name":"wp","href":"https:\/\/api.w.org\/{rel}","templated":true}]}}