{"id":58235,"date":"2025-09-30T10:14:57","date_gmt":"2025-09-30T07:14:57","guid":{"rendered":"https:\/\/www.egemtv.com\/?p=58235"},"modified":"2025-09-30T10:14:59","modified_gmt":"2025-09-30T07:14:59","slug":"izmirde-korsan-tasimaciliga-karsi-mucadeleye-devam","status":"publish","type":"post","link":"https:\/\/www.egemtv.com\/?p=58235","title":{"rendered":"\u0130zmir\u2019de korsan ta\u015f\u0131mac\u0131l\u0131\u011fa kar\u015f\u0131 m\u00fccadeleye devam"},"content":{"rendered":"<p>\u0130zmir \u015eof\u00f6rler ve Otomobilciler Esnaf Odas\u0131 Ba\u015fkan\u0131 Erkan \u00d6zkan, korsan ta\u015f\u0131mac\u0131l\u0131kla m\u00fccadele kapsam\u0131nda y\u00fcr\u00fct\u00fclen \u00e7al\u0131\u015fmalar\u0131n aral\u0131ks\u0131z s\u00fcrd\u00fc\u011f\u00fcn\u00fc belirtti. Korsan ta\u015f\u0131mac\u0131l\u0131\u011f\u0131n sekt\u00f6rde ciddi sorunlara yol a\u00e7t\u0131\u011f\u0131n\u0131 belirten \u00d6zkan, bu durumun hem taksici esnaf\u0131n\u0131n eme\u011fini tehdit etti\u011fini hem de haks\u0131z rekabete neden oldu\u011funu vurgulad\u0131.<br \/>\n<br \/>\u0130zmir \u015eof\u00f6rler ve Otomobilciler Esnaf Odas\u0131, korsan ta\u015f\u0131mac\u0131l\u0131kla m\u00fccadele kapsam\u0131nda \u00e7al\u0131\u015fmalar\u0131n\u0131 s\u00fcrd\u00fcr\u00fcyor. Oda yetkilileri, kay\u0131t d\u0131\u015f\u0131 \u00e7al\u0131\u015fan ve vergi vermeyen korsan ta\u015f\u0131mac\u0131lar\u0131n hem yasal ta\u015f\u0131mac\u0131l\u0131\u011f\u0131 olumsuz etkiledi\u011fini hem de yolcu g\u00fcvenli\u011fini tehlikeye att\u0131\u011f\u0131n\u0131 belirtti. 2025 y\u0131l\u0131 itibar\u0131yla korsan ta\u015f\u0131mac\u0131l\u0131k faaliyetlerinde bulunanlara y\u00f6nelik 2918 say\u0131l\u0131 Karayolu Ta\u015f\u0131ma Kanunu kapsam\u0131nda, 46 bin 392 TL para cezas\u0131 uygulan\u0131yor. Ayn\u0131 arac\u0131n ikinci kez korsan ta\u015f\u0131mac\u0131l\u0131kla yakalanmas\u0131 durumunda ceza miktar\u0131 artarken, ara\u00e7 60 g\u00fcne kadar trafikten men ediliyor. Korsan ta\u015f\u0131mac\u0131l\u0131\u011f\u0131 tercih eden yolculara ise 3 bin 084 TL para cezas\u0131 kesiliyor. Korsan ta\u015f\u0131mac\u0131l\u0131kla ilgili davan\u0131n t\u00fcm T\u00fcrkiye\u2019deki ta\u015f\u0131mac\u0131l\u0131k esnaf\u0131n\u0131 yak\u0131ndan ilgilendiren bir konu oldu\u011funu kaydeden Ba\u015fkan \u00d6zkan, &#8220;Ge\u00e7ti\u011fimiz cuma g\u00fcn\u00fc \u0130stanbul\u2019da g\u00f6r\u00fclen davada \u0130zmir \u015eof\u00f6rler ve Otomobilciler Esnaf Odas\u0131 Ba\u015fkan\u0131 olarak kat\u0131ld\u0131m. Mahkeme heyetinden s\u00f6z alarak esnaf\u0131n ekonomik olarak ma\u011fdur edildi\u011fini, emek h\u0131rs\u0131zl\u0131\u011f\u0131 ya\u015fand\u0131\u011f\u0131n\u0131, bu olay\u0131n sadece ekonomik de\u011fil ayn\u0131 zamanda sosyal bir sorun oldu\u011funu ifade ettim. Korsan ta\u015f\u0131mac\u0131l\u0131\u011f\u0131n toplumsal \u015fiddeti k\u00f6r\u00fckledi\u011fini, toplumda gerilime yol a\u00e7t\u0131\u011f\u0131n\u0131 ve baz\u0131 m\u00fcnferit olaylar\u0131n \u0130zmir\u2019de de ba\u015flam\u0131\u015f oldu\u011funu aktard\u0131m&#8221; dedi.<\/p>\n<p>&#8220;Eri\u015fim engeli kararlar\u0131n\u0131n al\u0131nmas\u0131n\u0131 \u00f6nemsiyoruz&#8221;<br \/>\n<br \/>Korsan ta\u015f\u0131mac\u0131l\u0131\u011f\u0131n sadece \u0130zmir\u2019de de\u011fil T\u00fcrkiye genelinde b\u00fcy\u00fck bir sorun oldu\u011funu vurgulayan Ba\u015fkan \u00d6zkan, &#8220;Davada ad\u0131 ge\u00e7en ve kendisini \u015firket y\u00f6neticisi olarak tan\u0131tan ki\u015finin dava sonras\u0131nda sosyal medyada esnaf\u0131 k\u00fc\u00e7\u00fck d\u00fc\u015f\u00fcren, a\u015fa\u011f\u0131layan ifadelerle toplumu tahrik etti\u011fini, bu durumun da ta\u015f\u0131mac\u0131l\u0131k yapan esnaf aras\u0131nda tepkiye yol a\u00e7t\u0131\u011f\u0131n\u0131 belirttim. Bu tepkiler neticesinde esnaf\u0131n korsan ta\u015f\u0131mac\u0131l\u0131k yapan ki\u015filere kar\u015f\u0131 toplu olarak duraklar\u0131na gitmesiyle baz\u0131 m\u00fcnferit olaylar ya\u015fanmaya ba\u015flad\u0131. Bu olaylar\u0131n daha b\u00fcy\u00fck sorunlara yol a\u00e7mamas\u0131 i\u00e7in eri\u015fim engeli kararlar\u0131n\u0131n al\u0131nmas\u0131n\u0131 \u00f6nemsiyoruz. Ancak bunun yan\u0131nda mevcut yasalar\u0131n ve cezalar\u0131n da yetersiz kald\u0131\u011f\u0131n\u0131 uzun s\u00fcredir \u00f6zellikle \u0130zmir\u2019den dile getiriyorum&#8221; diye ekledi.<\/p>\n<p>&#8220;Cezalar yetersiz&#8221;<br \/>\n<br \/>Mevcut yasalara g\u00f6re korsan ta\u015f\u0131mac\u0131l\u0131k yapanlara kesilen cezalar yeterince cayd\u0131r\u0131c\u0131 olmad\u0131\u011f\u0131n belirten Ba\u015fkan \u00d6zkan s\u00f6zlerini \u015fu \u015fekilde noktalad\u0131: &#8220;Bu nedenle mahkeme s\u00fcrecinden ba\u011f\u0131ms\u0131z olarak yasalar\u0131n g\u00fcncellenmesini talep ediyoruz. Buradan \u0130zmir \u015eof\u00f6rler Odas\u0131 Ba\u015fkan\u0131 olarak t\u00fcm \u0130zmirli milletvekillerimize ve T\u00fcrkiye B\u00fcy\u00fck Millet Meclisi\u2019ndeki t\u00fcm siyasi partilerin milletvekillerine \u00e7a\u011fr\u0131da bulunuyorum. 1 Ekim\u2019de meclis a\u00e7\u0131ld\u0131\u011f\u0131nda bu konuyu g\u00fcndeme alarak, korsan ta\u015f\u0131mac\u0131l\u0131k yapanlara alkol etkisinde ara\u00e7 kullanan s\u00fcr\u00fcc\u00fclere uygulanan ehliyet cezalar\u0131na benzer \u015fekilde artt\u0131r\u0131lmal\u0131. Cezalar getirecek yasal d\u00fczenlemeleri ivedilikle hayata ge\u00e7irmelerini istiyoruz. T\u00fcrkiye genelindeki t\u00fcm ta\u015f\u0131mac\u0131l\u0131k esnaf\u0131 ad\u0131na bu sorunun art\u0131k \u00e7\u00f6z\u00fcme kavu\u015fmas\u0131n\u0131 temenni ediyorum.&#8221;<br \/><\/p>\n","protected":false},"excerpt":{"rendered":"<p>\u0130zmir \u015eof\u00f6rler ve Otomobilciler Esnaf Odas\u0131 Ba\u015fkan\u0131 Erkan \u00d6zkan, korsan ta\u015f\u0131mac\u0131l\u0131kla m\u00fccadele kapsam\u0131nda y\u00fcr\u00fct\u00fclen \u00e7al\u0131\u015fmalar\u0131n aral\u0131ks\u0131z s\u00fcrd\u00fc\u011f\u00fcn\u00fc belirtti. Korsan ta\u015f\u0131mac\u0131l\u0131\u011f\u0131n sekt\u00f6rde ciddi sorunlara yol a\u00e7t\u0131\u011f\u0131n\u0131 belirten \u00d6zkan, bu durumun hem taksici esnaf\u0131n\u0131n eme\u011fini tehdit etti\u011fini hem de haks\u0131z rekabete neden oldu\u011funu vurgulad\u0131. \u0130zmir \u015eof\u00f6rler ve Otomobilciler Esnaf Odas\u0131, korsan ta\u015f\u0131mac\u0131l\u0131kla m\u00fccadele kapsam\u0131nda \u00e7al\u0131\u015fmalar\u0131n\u0131 s\u00fcrd\u00fcr\u00fcyor. Oda&#8230;<\/p>\n","protected":false},"author":1,"featured_media":58236,"comment_status":"open","ping_status":"open","sticky":false,"template":"","format":"standard","meta":{"_crdt_document":"","footnotes":""},"categories":[1],"tags":[],"class_list":["post-58235","post","type-post","status-publish","format-standard","has-post-thumbnail","hentry","category-guncel"],"_links":{"self":[{"href":"https:\/\/www.egemtv.com\/index.php?rest_route=\/wp\/v2\/posts\/58235","targetHints":{"allow":["GET"]}}],"collection":[{"href":"https:\/\/www.egemtv.com\/index.php?rest_route=\/wp\/v2\/posts"}],"about":[{"href":"https:\/\/www.egemtv.com\/index.php?rest_route=\/wp\/v2\/types\/post"}],"author":[{"embeddable":true,"href":"https:\/\/www.egemtv.com\/index.php?rest_route=\/wp\/v2\/users\/1"}],"replies":[{"embeddable":true,"href":"https:\/\/www.egemtv.com\/index.php?rest_route=%2Fwp%2Fv2%2Fcomments&post=58235"}],"version-history":[{"count":1,"href":"https:\/\/www.egemtv.com\/index.php?rest_route=\/wp\/v2\/posts\/58235\/revisions"}],"predecessor-version":[{"id":58237,"href":"https:\/\/www.egemtv.com\/index.php?rest_route=\/wp\/v2\/posts\/58235\/revisions\/58237"}],"wp:featuredmedia":[{"embeddable":true,"href":"https:\/\/www.egemtv.com\/index.php?rest_route=\/wp\/v2\/media\/58236"}],"wp:attachment":[{"href":"https:\/\/www.egemtv.com\/index.php?rest_route=%2Fwp%2Fv2%2Fmedia&parent=58235"}],"wp:term":[{"taxonomy":"category","embeddable":true,"href":"https:\/\/www.egemtv.com\/index.php?rest_route=%2Fwp%2Fv2%2Fcategories&post=58235"},{"taxonomy":"post_tag","embeddable":true,"href":"https:\/\/www.egemtv.com\/index.php?rest_route=%2Fwp%2Fv2%2Ftags&post=58235"}],"curies":[{"name":"wp","href":"https:\/\/api.w.org\/{rel}","templated":true}]}}