{"id":58232,"date":"2025-09-30T10:14:55","date_gmt":"2025-09-30T07:14:55","guid":{"rendered":"https:\/\/www.egemtv.com\/?p=58232"},"modified":"2025-09-30T10:14:56","modified_gmt":"2025-09-30T07:14:56","slug":"baskan-murat-afsarunaldan-zafer-meydanindaki-yiyecek-standlarina-tepki","status":"publish","type":"post","link":"https:\/\/www.egemtv.com\/?p=58232","title":{"rendered":"Ba\u015fkan Murat Af\u015far\u00fcnal\u2019dan Zafer Meydan\u0131\u2019ndaki yiyecek standlar\u0131na tepki"},"content":{"rendered":"<p>AK Parti K\u00fctahya Merkez \u0130l\u00e7e Ba\u015fkan\u0131 Murat Af\u015far\u00fcnal, Zafer Meydan\u0131\u2019nda kurulan yiyecek standlar\u0131yla ilgili vatanda\u015flardan ve esnaftan yo\u011fun \u015fik\u00e2yetler geldi\u011fini belirtti.<br \/>\n<br \/>Af\u015far\u00fcnal, a\u00e7\u0131klamas\u0131nda \u015fu ifadelere yer verdi:<br \/>\n<br \/>&#8220;\u015eehrimizin tek meydan\u0131 olan Zafer Meydan\u0131\u2019ndaki yiyecek standlar\u0131 ile ilgili vatanda\u015f\u0131m\u0131zdan ve esnaf\u0131m\u0131zdan tepkiler var. Bu tepkiler haks\u0131z de\u011fil. K\u00fctahyasporumuz yarar\u0131na yap\u0131lan bu etkinlikler e\u011fer mutlaka yap\u0131lacaksa, K\u00fctahya\u2019n\u0131n y\u00f6resel lezzetleri \u00f6n planda olmal\u0131. Emet kebab\u0131 ve pidesi, Tav\u015fanl\u0131 ve Gediz g\u00fcve\u00e7leri, K\u00fctahyam\u0131z\u0131n helvalar\u0131 ve sucuklar\u0131, mant\u0131, s\u0131k\u0131c\u0131k, cimcik gibi say\u0131s\u0131z lezzetlerimiz kentimizde ya\u015fayan \u00f6\u011frencilerimize ve bu lezzetlere d\u00fc\u015fk\u00fcn olan hem\u015fehrilerimize sunulmal\u0131d\u0131r.&#8221;<br \/>\n<br \/>K\u00fctahya\u2019n\u0131n gastronomik zenginli\u011finin tek ba\u015f\u0131na bu t\u00fcr organizasyonlar\u0131 ger\u00e7ekle\u015ftirmeye yetece\u011fini vurgulayan Ba\u015fkan Af\u015far\u00fcnal, &#8220;K\u00fctahyam\u0131z\u0131n mutfak k\u00fclt\u00fcr\u00fc b\u00f6ylesi etkinliklerde yeterli bir zenginlik sunmaktad\u0131r&#8221; dedi.<br \/><\/p>\n","protected":false},"excerpt":{"rendered":"<p>AK Parti K\u00fctahya Merkez \u0130l\u00e7e Ba\u015fkan\u0131 Murat Af\u015far\u00fcnal, Zafer Meydan\u0131\u2019nda kurulan yiyecek standlar\u0131yla ilgili vatanda\u015flardan ve esnaftan yo\u011fun \u015fik\u00e2yetler geldi\u011fini belirtti. Af\u015far\u00fcnal, a\u00e7\u0131klamas\u0131nda \u015fu ifadelere yer verdi: &#8220;\u015eehrimizin tek meydan\u0131 olan Zafer Meydan\u0131\u2019ndaki yiyecek standlar\u0131 ile ilgili vatanda\u015f\u0131m\u0131zdan ve esnaf\u0131m\u0131zdan tepkiler var. Bu tepkiler haks\u0131z de\u011fil. K\u00fctahyasporumuz yarar\u0131na yap\u0131lan bu etkinlikler e\u011fer mutlaka yap\u0131lacaksa, K\u00fctahya\u2019n\u0131n&#8230;<\/p>\n","protected":false},"author":1,"featured_media":58233,"comment_status":"open","ping_status":"open","sticky":false,"template":"","format":"standard","meta":{"_crdt_document":"","footnotes":""},"categories":[1],"tags":[],"class_list":["post-58232","post","type-post","status-publish","format-standard","has-post-thumbnail","hentry","category-guncel"],"_links":{"self":[{"href":"https:\/\/www.egemtv.com\/index.php?rest_route=\/wp\/v2\/posts\/58232","targetHints":{"allow":["GET"]}}],"collection":[{"href":"https:\/\/www.egemtv.com\/index.php?rest_route=\/wp\/v2\/posts"}],"about":[{"href":"https:\/\/www.egemtv.com\/index.php?rest_route=\/wp\/v2\/types\/post"}],"author":[{"embeddable":true,"href":"https:\/\/www.egemtv.com\/index.php?rest_route=\/wp\/v2\/users\/1"}],"replies":[{"embeddable":true,"href":"https:\/\/www.egemtv.com\/index.php?rest_route=%2Fwp%2Fv2%2Fcomments&post=58232"}],"version-history":[{"count":1,"href":"https:\/\/www.egemtv.com\/index.php?rest_route=\/wp\/v2\/posts\/58232\/revisions"}],"predecessor-version":[{"id":58234,"href":"https:\/\/www.egemtv.com\/index.php?rest_route=\/wp\/v2\/posts\/58232\/revisions\/58234"}],"wp:featuredmedia":[{"embeddable":true,"href":"https:\/\/www.egemtv.com\/index.php?rest_route=\/wp\/v2\/media\/58233"}],"wp:attachment":[{"href":"https:\/\/www.egemtv.com\/index.php?rest_route=%2Fwp%2Fv2%2Fmedia&parent=58232"}],"wp:term":[{"taxonomy":"category","embeddable":true,"href":"https:\/\/www.egemtv.com\/index.php?rest_route=%2Fwp%2Fv2%2Fcategories&post=58232"},{"taxonomy":"post_tag","embeddable":true,"href":"https:\/\/www.egemtv.com\/index.php?rest_route=%2Fwp%2Fv2%2Ftags&post=58232"}],"curies":[{"name":"wp","href":"https:\/\/api.w.org\/{rel}","templated":true}]}}