{"id":58229,"date":"2025-09-30T10:14:54","date_gmt":"2025-09-30T07:14:54","guid":{"rendered":"https:\/\/www.egemtv.com\/?p=58229"},"modified":"2025-09-30T10:14:55","modified_gmt":"2025-09-30T07:14:55","slug":"ariza-yapan-halk-otobusu-yolu-kapatti","status":"publish","type":"post","link":"https:\/\/www.egemtv.com\/?p=58229","title":{"rendered":"Ar\u0131za yapan halk otob\u00fcs\u00fc yolu kapatt\u0131"},"content":{"rendered":"<p>DEN\u0130ZL\u0130 (\u0130HA) \u2013 Denizli\u2019de seyir halindeyken ar\u0131zalanan k\u00f6r\u00fckl\u00fc halk otob\u00fcs\u00fc yolu trafi\u011fe kapat\u0131nca, sabah yo\u011funlu\u011funda uzun kuyruklar olu\u015fturan s\u00fcr\u00fcc\u00fcler korna \u00e7alarak tepki g\u00f6sterdi.<\/p>\n<p>Edinilen bilgiye g\u00f6re; Denizli\u2019nin Pamukkale il\u00e7esinde Ulucami \u2013 Irganl\u0131 g\u00fczergah\u0131nda g\u00f6revli 270 numaral\u0131 b\u00fcy\u00fck\u015fehir belediyesine ait halk otob\u00fcs\u00fc, Denizli \u2013 Mu\u011fla Karayolu Otogar Kav\u015fa\u011f\u0131ndan 2. Ticari Yola d\u00f6n\u00fc\u015f yapmak isterken aniden ar\u0131zaland\u0131. Oldu\u011fu yerde \u00e7ak\u0131l\u0131 kalan 12 metrelik k\u00f6r\u00fckl\u00fc otob\u00fcs, d\u00f6n\u00fc\u015f esnas\u0131nda ar\u0131za yapt\u0131\u011f\u0131 i\u00e7im yolu tek tarafl\u0131 olarak ula\u015f\u0131ma kapad\u0131.<\/p>\n<p>Sabah yo\u011funlu\u011funda mesai ve i\u015f yerlerine ula\u015fmak isteyen di\u011fer s\u00fcr\u00fcc\u00fcler, ya\u015fanan ar\u0131za nedeniyle uzun kuyruklar olu\u015fturdu. Yo\u011fun trafikte dakikalarca beklemek zorunda kalan s\u00fcr\u00fcc\u00fcler, karna \u00e7alarak ya\u015fanan aksamaya tepki g\u00f6sterdi. Ar\u0131zas\u0131 giderilen halk otob\u00fcs\u00fc, daha sonra yoluna devam etti.<br \/><\/p>\n","protected":false},"excerpt":{"rendered":"<p>DEN\u0130ZL\u0130 (\u0130HA) \u2013 Denizli\u2019de seyir halindeyken ar\u0131zalanan k\u00f6r\u00fckl\u00fc halk otob\u00fcs\u00fc yolu trafi\u011fe kapat\u0131nca, sabah yo\u011funlu\u011funda uzun kuyruklar olu\u015fturan s\u00fcr\u00fcc\u00fcler korna \u00e7alarak tepki g\u00f6sterdi. Edinilen bilgiye g\u00f6re; Denizli\u2019nin Pamukkale il\u00e7esinde Ulucami \u2013 Irganl\u0131 g\u00fczergah\u0131nda g\u00f6revli 270 numaral\u0131 b\u00fcy\u00fck\u015fehir belediyesine ait halk otob\u00fcs\u00fc, Denizli \u2013 Mu\u011fla Karayolu Otogar Kav\u015fa\u011f\u0131ndan 2. Ticari Yola d\u00f6n\u00fc\u015f yapmak isterken aniden ar\u0131zaland\u0131&#8230;.<\/p>\n","protected":false},"author":1,"featured_media":58230,"comment_status":"open","ping_status":"open","sticky":false,"template":"","format":"standard","meta":{"_crdt_document":"","footnotes":""},"categories":[5],"tags":[],"class_list":["post-58229","post","type-post","status-publish","format-standard","has-post-thumbnail","hentry","category-asayis"],"_links":{"self":[{"href":"https:\/\/www.egemtv.com\/index.php?rest_route=\/wp\/v2\/posts\/58229","targetHints":{"allow":["GET"]}}],"collection":[{"href":"https:\/\/www.egemtv.com\/index.php?rest_route=\/wp\/v2\/posts"}],"about":[{"href":"https:\/\/www.egemtv.com\/index.php?rest_route=\/wp\/v2\/types\/post"}],"author":[{"embeddable":true,"href":"https:\/\/www.egemtv.com\/index.php?rest_route=\/wp\/v2\/users\/1"}],"replies":[{"embeddable":true,"href":"https:\/\/www.egemtv.com\/index.php?rest_route=%2Fwp%2Fv2%2Fcomments&post=58229"}],"version-history":[{"count":1,"href":"https:\/\/www.egemtv.com\/index.php?rest_route=\/wp\/v2\/posts\/58229\/revisions"}],"predecessor-version":[{"id":58231,"href":"https:\/\/www.egemtv.com\/index.php?rest_route=\/wp\/v2\/posts\/58229\/revisions\/58231"}],"wp:featuredmedia":[{"embeddable":true,"href":"https:\/\/www.egemtv.com\/index.php?rest_route=\/wp\/v2\/media\/58230"}],"wp:attachment":[{"href":"https:\/\/www.egemtv.com\/index.php?rest_route=%2Fwp%2Fv2%2Fmedia&parent=58229"}],"wp:term":[{"taxonomy":"category","embeddable":true,"href":"https:\/\/www.egemtv.com\/index.php?rest_route=%2Fwp%2Fv2%2Fcategories&post=58229"},{"taxonomy":"post_tag","embeddable":true,"href":"https:\/\/www.egemtv.com\/index.php?rest_route=%2Fwp%2Fv2%2Ftags&post=58229"}],"curies":[{"name":"wp","href":"https:\/\/api.w.org\/{rel}","templated":true}]}}