{"id":58226,"date":"2025-09-30T09:54:54","date_gmt":"2025-09-30T06:54:54","guid":{"rendered":"https:\/\/www.egemtv.com\/?p=58226"},"modified":"2025-09-30T09:54:55","modified_gmt":"2025-09-30T06:54:55","slug":"avrupa-tescilli-lezzet-askida-alicisini-bekliyor","status":"publish","type":"post","link":"https:\/\/www.egemtv.com\/?p=58226","title":{"rendered":"Avrupa tescilli lezzet ask\u0131da al\u0131c\u0131s\u0131n\u0131 bekliyor"},"content":{"rendered":"<p>Manisa\u2019n\u0131n K\u0131rka\u011fa\u00e7 il\u00e7esinde yeti\u015fen ve hem T\u00fcrkiye\u2019de hem de Avrupa\u2019da co\u011frafi tescil alan \u00fcnl\u00fc K\u0131rka\u011fa\u00e7 kavunu, klimal\u0131 ve ozon makineli depolarda ask\u0131ya al\u0131narak k\u0131\u015f aylar\u0131nda da sofralara ula\u015ft\u0131r\u0131l\u0131yor.<br \/>\n<br \/>K\u0131rka\u011fa\u00e7 il\u00e7esinde yeti\u015fen deseni, kokusu, tad\u0131 ve dayan\u0131kl\u0131l\u0131\u011f\u0131 ile \u00fcnlenerek co\u011frafi i\u015faret alan ve 15 A\u011fustos itibariyle hasat edilen K\u0131rka\u011fa\u00e7 kavunu k\u0131\u015f aylar\u0131nda sat\u0131\u015fa sunulmak i\u00e7in klimal\u0131, ozon makineli depolarda ask\u0131lara as\u0131lmaya ba\u015fland\u0131. Tescilli lezzet art\u0131k al\u0131c\u0131lar\u0131n\u0131 bekliyor.<br \/>\n<br \/>K\u0131rka\u011fa\u00e7 Ziraat Odas\u0131 Ba\u015fkan\u0131 Emin \u00d6zar\u0131, \u0130HA muhabirine yapt\u0131\u011f\u0131 a\u00e7\u0131klamada, kavunun il\u00e7e ekonomisi i\u00e7in \u00f6nemine dikkat \u00e7ekerek, &#8220;Hasad\u0131m\u0131z\u0131n bizlere vermi\u015f oldu\u011fu bereketin mutlulu\u011funu ya\u015f\u0131yoruz. Kavun bizim K\u0131rka\u011fa\u00e7 i\u00e7in her \u015fey demek. K\u0131zlar\u0131m\u0131z\u0131n \u00e7eyizi, erkek evlatlar\u0131m\u0131z\u0131n e\u011fitim masraflar\u0131, evlerimizin ge\u00e7im kayna\u011f\u0131 kavun bizim i\u00e7in olamazsa olmaz. Kavunlar\u0131m\u0131z\u0131 may\u0131s ay\u0131nda ekiyoruz. Yakla\u015f\u0131k 100 g\u00fcn gibi bir emekle kavun depolar\u0131m\u0131za as\u0131l\u0131r hale geliyor. Bu deponun \u00fczerinde bir yal\u0131t\u0131m var, bu \u00f6zel sandvi\u00e7 panelden yap\u0131lm\u0131\u015f bir tavan ve \u00fczerine k\u00f6p\u00fck p\u00fcsk\u00fcrt\u00fclm\u00fc\u015f i\u00e7erideki iklimlendirmeyi sabit derecede tutmak i\u00e7in. Arkam\u0131zda da i\u00e7eriye ozon havas\u0131 vermesi i\u00e7in ayr\u0131ca cihazlar var. Bu cihazlar\u0131n her biri 50-60 bin TL\u2019dir. Yine klimalar\u0131m\u0131z var. Buradaki iklimlendirmeyi sa\u011fl\u0131yor. Yukar\u0131daki siyah boru da i\u00e7eride biriken kirli ve asitli havan\u0131n d\u0131\u015far\u0131ya at\u0131lmas\u0131n\u0131 sa\u011fl\u0131yor. Tabii bunlar \u00e7ift\u00e7ilerimize ek bir maliyet getiriyor. B\u00f6ylelikle zaten dayan\u0131kl\u0131l\u0131\u011f\u0131yla \u00fcn yapm\u0131\u015f K\u0131rka\u011fa\u00e7 kavunumuz mart ay\u0131na kadar sa\u011fl\u0131kl\u0131 bir \u015fekilde az fire vererek o so\u011fuk k\u0131\u015f aylar\u0131nda yaz\u0131n o g\u00fczel meyvesini sofralar\u0131n\u0131za g\u00f6nderiyoruz. K\u0131rka\u011fa\u00e7\u2019\u0131n kendine has bir kavunu vard\u0131 Alt\u0131nba\u015f benekli kavun diye. Art\u0131k beyaz, sar\u0131 ve ye\u015fil dilimli kavunlar\u0131m\u0131z\u0131 da \u00fcretiyoruz. Dededen 3. ku\u015fak \u00fcretici olan Apti Kayac\u0131k, 300 ton civar\u0131ndaki deposunda al\u0131c\u0131s\u0131n\u0131 bekliyor. Bu kavunlar\u0131 Osman Topuz isimli bir K\u0131rka\u011fa\u00e7l\u0131 \u00fcreticimiz var onun taraf\u0131ndan ilk olarak sadece bir kavundan \u00fcretildi. \u015eimdi K\u0131rka\u011fa\u00e7\u2019ta binlerce dekar kavun depolar\u0131m\u0131zda as\u0131l\u0131yor. Muhte\u015fem bir kavun. Dayan\u0131kl\u0131l\u0131\u011f\u0131 daha fazla. Bu y\u0131l yakla\u015f\u0131k 30 bin ton rekoltemiz var. Bubub 20 bin tonu yaz aylar\u0131nda sat\u0131l\u0131yor. Geri kalan k\u0131sm\u0131 da i\u015fte bu iklimlendirme \u00f6zelliklerine sahip, \u00f6zel havaland\u0131rma ve ozon pompas\u0131 sistemlerine sahip klimalar\u0131m\u0131zda saklan\u0131p k\u0131\u015f aylar\u0131nda vatanda\u015flar\u0131m\u0131z\u0131n t\u00fcketimine sunuluyor. Kavunumuz co\u011frafi tescilli bir \u00fcr\u00fcn. Bu y\u0131l bir s\u00fcrprizimiz daha oldu. Art\u0131k AB\u2019den de co\u011frafi tescil ald\u0131k. T\u00fcrkiye\u2019de 38. i\u015faret olan tar\u0131m \u00fcr\u00fcn\u00fc oldu. Manisa ilinde de ilk co\u011frafi tescil alan \u00fcr\u00fcn bizim K\u0131rka\u011fa\u00e7 kavunumuza nasip oldu. Bunun i\u00e7in de ayr\u0131ca mutluyuz. Bu vesileyle b\u00fct\u00fcn \u00fcreticilerimize hay\u0131rl\u0131, bereketli kazan\u00e7lar almalar\u0131n\u0131 diliyorum&#8221; dedi.<\/p>\n<p>&#8220;Mart ay\u0131na kadar dayan\u0131yor&#8221;<br \/>\n<br \/>Yakla\u015f\u0131k 40 y\u0131ld\u0131r \u00e7ift\u00e7ilik yapt\u0131\u011f\u0131n\u0131 belirten \u00fcretici Apti Kayac\u0131k ise, kavunlar\u0131n dayan\u0131kl\u0131l\u0131\u011f\u0131na dikkat \u00e7ekerek \u015f\u00f6yle konu\u015ftu:<br \/>\n<br \/>&#8220;\u00c7ocuklu\u011fumdan beri kavunculukla u\u011fra\u015f\u0131yorum. Tabii o zamanlar K\u0131rka\u011fa\u00e7 cinsi kavun ekiyordum. Daha sonra siyah kavuna, 4-5 y\u0131ld\u0131r da beyaz kavunumuza d\u00f6nd\u00fck. Tarladan getirdi\u011fimiz kavunlar\u0131m\u0131z\u0131 depolar\u0131m\u0131za as\u0131yoruz. \u0130stanbul\u2019dan ve \u0130zmir\u2019den gelen halci arkada\u015flar\u0131m\u0131zla pazarl\u0131k yap\u0131p veriyoruz. Onlar da aral\u0131k ay\u0131ndan mart ay\u0131na kadar dayanabilen kavunlar\u0131m\u0131z\u0131 bu aylarda kamyonlara sar\u0131p m\u00fc\u015fterilerine g\u00f6t\u00fcr\u00fcyorlar. K\u0131rka\u011fa\u00e7 kavununun en b\u00fcy\u00fck \u00f6zelli\u011fi dayanabilir olma \u00f6zelli\u011fidir. Ayn\u0131 bu \u00e7e\u015fidimizi tohumunu T\u00fcrkiye\u2019nin her yerinde denediler ama hemen bozuldu, dayanmad\u0131. K\u0131rka\u011fa\u00e7\u2019\u0131n topra\u011f\u0131ndan m\u0131 ikliminden midir nedir sadece bu topraklarda mart ay\u0131na kadar dayan\u0131yor.&#8221;<br \/><\/p>\n","protected":false},"excerpt":{"rendered":"<p>Manisa\u2019n\u0131n K\u0131rka\u011fa\u00e7 il\u00e7esinde yeti\u015fen ve hem T\u00fcrkiye\u2019de hem de Avrupa\u2019da co\u011frafi tescil alan \u00fcnl\u00fc K\u0131rka\u011fa\u00e7 kavunu, klimal\u0131 ve ozon makineli depolarda ask\u0131ya al\u0131narak k\u0131\u015f aylar\u0131nda da sofralara ula\u015ft\u0131r\u0131l\u0131yor. K\u0131rka\u011fa\u00e7 il\u00e7esinde yeti\u015fen deseni, kokusu, tad\u0131 ve dayan\u0131kl\u0131l\u0131\u011f\u0131 ile \u00fcnlenerek co\u011frafi i\u015faret alan ve 15 A\u011fustos itibariyle hasat edilen K\u0131rka\u011fa\u00e7 kavunu k\u0131\u015f aylar\u0131nda sat\u0131\u015fa sunulmak i\u00e7in klimal\u0131,&#8230;<\/p>\n","protected":false},"author":1,"featured_media":58227,"comment_status":"open","ping_status":"open","sticky":false,"template":"","format":"standard","meta":{"_crdt_document":"","footnotes":""},"categories":[125],"tags":[],"class_list":["post-58226","post","type-post","status-publish","format-standard","has-post-thumbnail","hentry","category-ekonomi"],"_links":{"self":[{"href":"https:\/\/www.egemtv.com\/index.php?rest_route=\/wp\/v2\/posts\/58226","targetHints":{"allow":["GET"]}}],"collection":[{"href":"https:\/\/www.egemtv.com\/index.php?rest_route=\/wp\/v2\/posts"}],"about":[{"href":"https:\/\/www.egemtv.com\/index.php?rest_route=\/wp\/v2\/types\/post"}],"author":[{"embeddable":true,"href":"https:\/\/www.egemtv.com\/index.php?rest_route=\/wp\/v2\/users\/1"}],"replies":[{"embeddable":true,"href":"https:\/\/www.egemtv.com\/index.php?rest_route=%2Fwp%2Fv2%2Fcomments&post=58226"}],"version-history":[{"count":1,"href":"https:\/\/www.egemtv.com\/index.php?rest_route=\/wp\/v2\/posts\/58226\/revisions"}],"predecessor-version":[{"id":58228,"href":"https:\/\/www.egemtv.com\/index.php?rest_route=\/wp\/v2\/posts\/58226\/revisions\/58228"}],"wp:featuredmedia":[{"embeddable":true,"href":"https:\/\/www.egemtv.com\/index.php?rest_route=\/wp\/v2\/media\/58227"}],"wp:attachment":[{"href":"https:\/\/www.egemtv.com\/index.php?rest_route=%2Fwp%2Fv2%2Fmedia&parent=58226"}],"wp:term":[{"taxonomy":"category","embeddable":true,"href":"https:\/\/www.egemtv.com\/index.php?rest_route=%2Fwp%2Fv2%2Fcategories&post=58226"},{"taxonomy":"post_tag","embeddable":true,"href":"https:\/\/www.egemtv.com\/index.php?rest_route=%2Fwp%2Fv2%2Ftags&post=58226"}],"curies":[{"name":"wp","href":"https:\/\/api.w.org\/{rel}","templated":true}]}}