{"id":58223,"date":"2025-09-30T09:54:51","date_gmt":"2025-09-30T06:54:51","guid":{"rendered":"https:\/\/www.egemtv.com\/?p=58223"},"modified":"2025-09-30T09:54:53","modified_gmt":"2025-09-30T06:54:53","slug":"izmirlilerden-dunya-rekoru-icin-kiyi-temizligi","status":"publish","type":"post","link":"https:\/\/www.egemtv.com\/?p=58223","title":{"rendered":"\u0130zmirlilerden d\u00fcnya rekoru i\u00e7in k\u0131y\u0131 temizli\u011fi"},"content":{"rendered":"<p>Yaizu Chuo Lisesi\u2019nin Japonya ve d\u00fcnya genelinde y\u00fcr\u00fctt\u00fc\u011f\u00fc plaj temizli\u011fi hareketini geni\u015fletmek amac\u0131yla ba\u015flatt\u0131\u011f\u0131 Guinness D\u00fcnya Rekoru hedefine \u0130zmir B\u00fcy\u00fck\u015fehir Belediyesi ve \u0130zmir Ekonomi \u00dcniversitesi\u2019nden destek geldi. Do\u011faseverler &#8220;Bir saat i\u00e7inde plaj temizli\u011fi i\u00e7in \u00e7evrimi\u00e7i olarak kay\u0131t yapt\u0131ran en \u00e7ok ki\u015fi&#8221; kategorisinde Guinness D\u00fcnya Rekorlar\u0131 listesine dahil olmaya \u00e7a\u011fr\u0131ld\u0131. Plaj temizli\u011fi yo\u011fun kat\u0131l\u0131mla \u0130nciralt\u0131 Kent Orman\u0131\u2019nda ger\u00e7ekle\u015fti.<br \/>\n<br \/>\u0130zmir B\u00fcy\u00fck\u015fehir Belediyesi ve \u0130zmir Ekonomi \u00dcniversitesi (\u0130E\u00dc) Japonya\u2019daki Yaizu Chuo Lisesi\u2019nin plaj temizli\u011fi seferberli\u011fini geni\u015fletmek ve lise \u00f6\u011frencilerinin deniz \u00e7\u00f6p\u00fc sorununu \u00e7\u00f6zmede \u00f6nc\u00fcl\u00fck etti\u011fi bir trend olu\u015fturmak i\u00e7in d\u00fcnya rekoru k\u0131rmay\u0131 hedefledi\u011fi harekete ortak oldu. \u0130zmir B\u00fcy\u00fck\u015fehir Belediyesi Sosyal Hizmetler Dairesi Ba\u015fkanl\u0131\u011f\u0131 Engelli \u00c7al\u0131\u015fmalar\u0131 \u015eube M\u00fcd\u00fcrl\u00fc\u011f\u00fc ve \u0130zmir Ekonomi \u00dcniversitesi EKOTAM Tasar\u0131m Ara\u015ft\u0131rma ve Uygulama Merkezi, anlaml\u0131 hedefe destek vermek amac\u0131yla \u0130nciralt\u0131 Kent Orman\u0131\u2019nda d\u00fczenlenen sahil k\u0131y\u0131 temizli\u011fi organizasyonuna dernekleri, okullar\u0131 ve \u00f6\u011frencileri dahil etti. &#8220;Bir saat i\u00e7inde plaj temizli\u011fi i\u00e7in \u00e7evrimi\u00e7i olarak kay\u0131t yapt\u0131ran en \u00e7ok ki\u015fi&#8221; kategorisinde rekor k\u0131rmak i\u00e7in temizli\u011fe \u00e7\u0131kan \u0130zmirlilere Japonya\u2019dan yap\u0131lan online ba\u011flant\u0131 ile destek verildi. Kat\u0131l\u0131mc\u0131lar B\u00fcy\u00fck\u015fehir Belediyesi taraf\u0131ndan da\u011f\u0131t\u0131lan maske, eldiven, \u00e7\u00f6p torbas\u0131 ve su ile hijyen mesaisine ba\u015flarken T\u00fcrkiye ve Japonya bayraklar\u0131n\u0131 temsilen k\u0131rm\u0131z\u0131 ve beyaz k\u0131yafetler tercih edildi.<\/p>\n<p>&#8220;Rekor k\u0131rmak i\u00e7in k\u0131y\u0131 temizli\u011findeyiz&#8221;<br \/>\n<br \/>\u0130zmir B\u00fcy\u00fck\u015fehir Belediyesi \u00e7at\u0131s\u0131 alt\u0131ndaki Engelli \u00c7al\u0131\u015fmalar\u0131 \u015eube M\u00fcd\u00fcrl\u00fc\u011f\u00fc\u2019nde g\u00f6rev yapan ve harekete dair konu\u015fan Ebru \u0130lbeyce Alkan, &#8220;Bug\u00fcn \u0130zmir Ekonomi \u00dcniversitesi ile Japonya\u2019yla beraber Guinness D\u00fcnya Rekorlar\u0131na girmek \u00fczere k\u0131y\u0131 temizli\u011findeyiz. Engelli \u00c7al\u0131\u015fmalar\u0131 \u015eube M\u00fcd\u00fcrl\u00fc\u011f\u00fc olarak bizler derneklerle ve okullarla i\u015f birli\u011fi halinde bug\u00fcn buraday\u0131z&#8221; dedi.<\/p>\n<p>&#8220;Burada bu insanlar\u0131 g\u00f6rmekten \u00e7ok mutluyum&#8221;<br \/>\n<br \/>\u0130E\u00dc G\u00fczel Sanatlar ve Tasar\u0131m Fak\u00fcltesi End\u00fcstriyel Tasar\u0131m B\u00f6l\u00fcm Ba\u015fkan\u0131 ve EKOTAM Tasar\u0131m Ara\u015ft\u0131rma ve Uygulama Merkezi M\u00fcd\u00fcr\u00fc Dr. \u00d6\u011fretim \u00dcyesi Can \u00d6zcan ise Japonya ve T\u00fcrkiye aras\u0131ndaki ili\u015fkilere de\u011finirken, &#8220;Uzun y\u0131llard\u0131r s\u00fcrd\u00fcrd\u00fc\u011f\u00fcm\u00fcz profesyonel etkinliklerimiz var. 10 y\u0131l\u0131 a\u015fk\u0131n s\u00fcredir bizim \u00f6\u011frencilerimiz oraya gidiyor, onlar\u0131n \u00f6\u011frencileri buraya geliyor. Faydal\u0131 ve anlaml\u0131 projelerde bir araya geliyoruz. Bu sefer de \u00e7ok de\u011ferli bir etkinli\u011fe T\u00fcrkiye\u2019den tek ev sahibi olduk. K\u0131y\u0131 temizli\u011fine dikkat \u00e7ekmek ve d\u00fcnya \u00f6l\u00e7e\u011finde bir harekete ortak olabilmek istiyoruz. \u015eu an Japonya\u2019dan bizi izliyorlar. Japonya\u2019dan sonra en geni\u015f kat\u0131l\u0131ml\u0131 k\u0131y\u0131 etkinli\u011fini ger\u00e7ekle\u015ftiriyoruz. Bu bir duyarl\u0131l\u0131k, bu bir harekete ge\u00e7me \u00e7a\u011fr\u0131s\u0131. Burada bu insanlar\u0131 g\u00f6rmekten \u00e7ok mutluyum&#8221; ifadelerini kulland\u0131.<\/p>\n<p>&#8220;Oradaki temizlik k\u00fclt\u00fcr\u00fcn\u00fc g\u00f6rd\u00fcm&#8221;<br \/>\n<br \/>\u0130E\u00dc \u00f6\u011frencisi Konuralp Y\u00fccesoy ise, &#8220;Benim i\u00e7in \u00e7ok anlaml\u0131 bir etkinlik. Ge\u00e7en sene Japonya\u2019da e\u011fitim ald\u0131m. Oradaki temizlik k\u00fclt\u00fcr\u00fcn\u00fc ve sorumluluk bilincini g\u00f6rd\u00fcm. Bunun kesinlikle bizim \u00fclkemizde de uygulanabilir ve tan\u0131t\u0131l\u0131r hale getirilmesi gerekti\u011fini d\u00fc\u015f\u00fcn\u00fcyorum. Benim i\u00e7in k\u0131ymetli bir g\u00fcn. Temizlik \u00f6nemli bir \u015fey, hem toplumumuz hem bireyler ad\u0131na. Hep temiz kalal\u0131m&#8221; dedi.<br \/>\n<br \/>\u00d6\u011frencileriyle birlikte etkinli\u011fe kat\u0131lan Narl\u0131dere \u0130hsan \u00c7elikten Ortaokulu M\u00fcd\u00fcr\u00fc Nazan Tunay, &#8220;\u0130zmir Ekonomi \u00dcniversitesi ile \u0130zmir B\u00fcy\u00fck\u015fehir Belediyesi\u2019nin katk\u0131lar\u0131yla b\u00f6yle bir etkinlikte olmaktan \u00e7ok mutluyuz. \u00d6\u011frencilerimizle ko\u015fa ko\u015fa geldik. Rekora ve \u00e7evre temizli\u011fine katk\u0131da bulunmak istedik. \u00d6\u011frenciler keyifli. Biz okulumuzda da b\u00f6yle etkinlikler yap\u0131yoruz. Temiz olmayan s\u0131n\u0131fta ders yapm\u0131yorlar&#8221; diye konu\u015ftu.<br \/>\n<br \/>Narl\u0131dere Mehmet Seyfi Eraltay Anadolu Lisesi M\u00fcd\u00fcr\u00fc Mustafa Koyuncu, &#8220;\u00d6\u011frencilerimizle b\u00f6yle bir etkinlikte olmaktan gurur duyuyoruz. Okulumuz \u00e7ok k\u00f6kl\u00fc bir okuldur, \u00f6nemli projelere imza atm\u0131\u015ft\u0131r. Biz de bu gelene\u011fi s\u00fcrd\u00fcrmeye \u00e7al\u0131\u015f\u0131yoruz. \u00d6\u011frencilerimiz yine benzer projelerde yer alacakt\u0131r&#8221; dedi.<br \/>\n<br \/>\u00d6\u011frenci Ay\u015fe Ekin Yi\u011fit, &#8220;Bu etkinlik kesinlikle \u00e7ok verimli. Daha s\u0131k yap\u0131lmas\u0131 \u00e7ok \u00f6nemli&#8221; ifadelerini kullan\u0131rken, Asya \u00c7all\u0131 ise, &#8220;Bu projede yer almaktan gurur duyuyorum&#8221; diye konu\u015ftu.<br \/>\n<br \/>Temizlik hareketinde yer alan Alptu\u011f Atay da &#8220;En \u00e7ok sigara izmariti toplad\u0131k. Sa\u011fl\u0131\u011f\u0131m\u0131za \u00e7ok zararl\u0131lar. Etkinli\u011fe kat\u0131lmak g\u00fczel bir duygu. \u00c7evremizi kirletmeyelim, sayg\u0131l\u0131 olal\u0131m. Te\u015fekk\u00fcrler&#8221; ifadelerini kulland\u0131.<\/p>\n<p>Japonya\u2019dan canl\u0131 ba\u011flant\u0131<br \/>\n<br \/>Etkinlik s\u0131ras\u0131nda Japonya\u2019daki temsilciler \u0130zmir\u2019deki kat\u0131l\u0131mc\u0131larla g\u00f6r\u00fcnt\u00fcl\u00fc ba\u011flant\u0131 kurdu. Yaizu Chuo Koleji\u2019nden Yuichi Yaoi, Kurebayashi Kota ve Hirotaka Takashiho ile Shizuoka Sanat ve K\u00fclt\u00fcr \u00dcniversitesi \u00d6\u011fretim \u00dcyesi Prof. Dr. Yasuko Takayama, i\u015f birli\u011finden memnuniyet duyduklar\u0131n\u0131 ifade ederek, &#8220;Etkinli\u011fin t\u00fcm d\u00fcnyaya yay\u0131lmas\u0131n\u0131 ve \u00e7evre sorunlar\u0131na ili\u015fkin fark\u0131ndal\u0131\u011f\u0131n bu etkinlikle birlikte daha da artmas\u0131n\u0131 umuyoruz. Bu hedefe sa\u011flad\u0131\u011f\u0131 b\u00fcy\u00fck katk\u0131 i\u00e7in T\u00fcrkiye\u2019ye \u00e7ok te\u015fekk\u00fcr ediyoruz&#8221; diye konu\u015ftu.<br \/><\/p>\n","protected":false},"excerpt":{"rendered":"<p>Yaizu Chuo Lisesi\u2019nin Japonya ve d\u00fcnya genelinde y\u00fcr\u00fctt\u00fc\u011f\u00fc plaj temizli\u011fi hareketini geni\u015fletmek amac\u0131yla ba\u015flatt\u0131\u011f\u0131 Guinness D\u00fcnya Rekoru hedefine \u0130zmir B\u00fcy\u00fck\u015fehir Belediyesi ve \u0130zmir Ekonomi \u00dcniversitesi\u2019nden destek geldi. Do\u011faseverler &#8220;Bir saat i\u00e7inde plaj temizli\u011fi i\u00e7in \u00e7evrimi\u00e7i olarak kay\u0131t yapt\u0131ran en \u00e7ok ki\u015fi&#8221; kategorisinde Guinness D\u00fcnya Rekorlar\u0131 listesine dahil olmaya \u00e7a\u011fr\u0131ld\u0131. Plaj temizli\u011fi yo\u011fun kat\u0131l\u0131mla \u0130nciralt\u0131 Kent&#8230;<\/p>\n","protected":false},"author":1,"featured_media":58224,"comment_status":"open","ping_status":"open","sticky":false,"template":"","format":"standard","meta":{"_crdt_document":"","footnotes":""},"categories":[1],"tags":[],"class_list":["post-58223","post","type-post","status-publish","format-standard","has-post-thumbnail","hentry","category-guncel"],"_links":{"self":[{"href":"https:\/\/www.egemtv.com\/index.php?rest_route=\/wp\/v2\/posts\/58223","targetHints":{"allow":["GET"]}}],"collection":[{"href":"https:\/\/www.egemtv.com\/index.php?rest_route=\/wp\/v2\/posts"}],"about":[{"href":"https:\/\/www.egemtv.com\/index.php?rest_route=\/wp\/v2\/types\/post"}],"author":[{"embeddable":true,"href":"https:\/\/www.egemtv.com\/index.php?rest_route=\/wp\/v2\/users\/1"}],"replies":[{"embeddable":true,"href":"https:\/\/www.egemtv.com\/index.php?rest_route=%2Fwp%2Fv2%2Fcomments&post=58223"}],"version-history":[{"count":1,"href":"https:\/\/www.egemtv.com\/index.php?rest_route=\/wp\/v2\/posts\/58223\/revisions"}],"predecessor-version":[{"id":58225,"href":"https:\/\/www.egemtv.com\/index.php?rest_route=\/wp\/v2\/posts\/58223\/revisions\/58225"}],"wp:featuredmedia":[{"embeddable":true,"href":"https:\/\/www.egemtv.com\/index.php?rest_route=\/wp\/v2\/media\/58224"}],"wp:attachment":[{"href":"https:\/\/www.egemtv.com\/index.php?rest_route=%2Fwp%2Fv2%2Fmedia&parent=58223"}],"wp:term":[{"taxonomy":"category","embeddable":true,"href":"https:\/\/www.egemtv.com\/index.php?rest_route=%2Fwp%2Fv2%2Fcategories&post=58223"},{"taxonomy":"post_tag","embeddable":true,"href":"https:\/\/www.egemtv.com\/index.php?rest_route=%2Fwp%2Fv2%2Ftags&post=58223"}],"curies":[{"name":"wp","href":"https:\/\/api.w.org\/{rel}","templated":true}]}}