{"id":58217,"date":"2025-09-30T09:35:01","date_gmt":"2025-09-30T06:35:01","guid":{"rendered":"https:\/\/www.egemtv.com\/?p=58217"},"modified":"2025-09-30T09:35:05","modified_gmt":"2025-09-30T06:35:05","slug":"izmirde-138-duzensiz-gocmen-ve-2-gocmen-kacakcisi-yakalandi","status":"publish","type":"post","link":"https:\/\/www.egemtv.com\/?p=58217","title":{"rendered":"\u0130zmir\u2019de 138 d\u00fczensiz g\u00f6\u00e7men ve 2 g\u00f6\u00e7men ka\u00e7ak\u00e7\u0131s\u0131 yakaland\u0131"},"content":{"rendered":"<p>\u0130zmir\u2019in \u00c7e\u015fme ve Urla il\u00e7elerinde Sahil G\u00fcvenlik Komutanl\u0131\u011f\u0131 ekiplerince d\u00fczenlenen iki ayr\u0131 operasyonda, 62\u2019si \u00e7ocuk toplam 138 d\u00fczensiz g\u00f6\u00e7men ile 2 g\u00f6\u00e7men ka\u00e7ak\u00e7\u0131s\u0131 \u015f\u00fcphelisi yakaland\u0131.<br \/>\n<br \/>28 Eyl\u00fcl g\u00fcn\u00fc saat 07.00 s\u0131ralar\u0131nda \u00c7e\u015fme il\u00e7esi a\u00e7\u0131klar\u0131nda lastik bot i\u00e7erisinde d\u00fczensiz g\u00f6\u00e7menlerin bulundu\u011fu bilgisinin al\u0131nmas\u0131 \u00fczerine g\u00f6revlendirilen Sahil G\u00fcvenlik Korveti (TCSG-704) ve Sahil G\u00fcvenlik Botu (KB-86) harekete ge\u00e7ti. Durdurulan lastik botta 13\u2019\u00fc \u00e7ocuk 32 d\u00fczensiz g\u00f6\u00e7men ve 2 g\u00f6\u00e7men ka\u00e7ak\u00e7\u0131s\u0131 \u015f\u00fcphelisi yakaland\u0131.<br \/>\n<br \/>Ayn\u0131 g\u00fcn saat 15.20\u2019de Urla il\u00e7esi Sarpdere Koyu mevkiinde, karadan ula\u015f\u0131m\u0131 olmayan b\u00f6lgede bir grup d\u00fczensiz g\u00f6\u00e7menin oldu\u011fu ihbar\u0131 \u00fczerine Sahil G\u00fcvenlik Gemisi (TCSG-107), Sahil G\u00fcvenlik Botlar\u0131 (KB-118, KB-4309, KB-86) ve Uzunkuyu Jandarma Karakol Komutanl\u0131\u011f\u0131 personeli m\u00fc\u015fterek operasyon d\u00fczenledi. Operasyonda 49\u2019u \u00e7ocuk toplam 106 d\u00fczensiz g\u00f6\u00e7men yakaland\u0131.<br \/>\n<br \/>Yakalanan d\u00fczensiz g\u00f6\u00e7menler i\u015flemlerinin ard\u0131ndan \u0130l G\u00f6\u00e7 \u0130daresi M\u00fcd\u00fcrl\u00fc\u011f\u00fc\u2019ne teslim edilirken, g\u00f6\u00e7men ka\u00e7ak\u00e7\u0131s\u0131 \u015f\u00fcphelileri hakk\u0131nda adli i\u015flem ba\u015flat\u0131ld\u0131.<br \/><\/p>\n","protected":false},"excerpt":{"rendered":"<p>\u0130zmir\u2019in \u00c7e\u015fme ve Urla il\u00e7elerinde Sahil G\u00fcvenlik Komutanl\u0131\u011f\u0131 ekiplerince d\u00fczenlenen iki ayr\u0131 operasyonda, 62\u2019si \u00e7ocuk toplam 138 d\u00fczensiz g\u00f6\u00e7men ile 2 g\u00f6\u00e7men ka\u00e7ak\u00e7\u0131s\u0131 \u015f\u00fcphelisi yakaland\u0131. 28 Eyl\u00fcl g\u00fcn\u00fc saat 07.00 s\u0131ralar\u0131nda \u00c7e\u015fme il\u00e7esi a\u00e7\u0131klar\u0131nda lastik bot i\u00e7erisinde d\u00fczensiz g\u00f6\u00e7menlerin bulundu\u011fu bilgisinin al\u0131nmas\u0131 \u00fczerine g\u00f6revlendirilen Sahil G\u00fcvenlik Korveti (TCSG-704) ve Sahil G\u00fcvenlik Botu (KB-86) harekete ge\u00e7ti&#8230;.<\/p>\n","protected":false},"author":1,"featured_media":58218,"comment_status":"open","ping_status":"open","sticky":false,"template":"","format":"standard","meta":{"_crdt_document":"","footnotes":""},"categories":[5],"tags":[],"class_list":["post-58217","post","type-post","status-publish","format-standard","has-post-thumbnail","hentry","category-asayis"],"_links":{"self":[{"href":"https:\/\/www.egemtv.com\/index.php?rest_route=\/wp\/v2\/posts\/58217","targetHints":{"allow":["GET"]}}],"collection":[{"href":"https:\/\/www.egemtv.com\/index.php?rest_route=\/wp\/v2\/posts"}],"about":[{"href":"https:\/\/www.egemtv.com\/index.php?rest_route=\/wp\/v2\/types\/post"}],"author":[{"embeddable":true,"href":"https:\/\/www.egemtv.com\/index.php?rest_route=\/wp\/v2\/users\/1"}],"replies":[{"embeddable":true,"href":"https:\/\/www.egemtv.com\/index.php?rest_route=%2Fwp%2Fv2%2Fcomments&post=58217"}],"version-history":[{"count":1,"href":"https:\/\/www.egemtv.com\/index.php?rest_route=\/wp\/v2\/posts\/58217\/revisions"}],"predecessor-version":[{"id":58219,"href":"https:\/\/www.egemtv.com\/index.php?rest_route=\/wp\/v2\/posts\/58217\/revisions\/58219"}],"wp:featuredmedia":[{"embeddable":true,"href":"https:\/\/www.egemtv.com\/index.php?rest_route=\/wp\/v2\/media\/58218"}],"wp:attachment":[{"href":"https:\/\/www.egemtv.com\/index.php?rest_route=%2Fwp%2Fv2%2Fmedia&parent=58217"}],"wp:term":[{"taxonomy":"category","embeddable":true,"href":"https:\/\/www.egemtv.com\/index.php?rest_route=%2Fwp%2Fv2%2Fcategories&post=58217"},{"taxonomy":"post_tag","embeddable":true,"href":"https:\/\/www.egemtv.com\/index.php?rest_route=%2Fwp%2Fv2%2Ftags&post=58217"}],"curies":[{"name":"wp","href":"https:\/\/api.w.org\/{rel}","templated":true}]}}