{"id":58214,"date":"2025-09-30T09:34:59","date_gmt":"2025-09-30T06:34:59","guid":{"rendered":"https:\/\/www.egemtv.com\/?p=58214"},"modified":"2025-09-30T09:35:00","modified_gmt":"2025-09-30T06:35:00","slug":"soke-ovasinda-52-yillik-traktor-zamana-meydan-okuyor","status":"publish","type":"post","link":"https:\/\/www.egemtv.com\/?p=58214","title":{"rendered":"S\u00f6ke Ovas\u0131\u2019nda 52 y\u0131ll\u0131k trakt\u00f6r zamana meydan okuyor"},"content":{"rendered":"<p>S\u00f6ke Ovas\u0131\u2019nda yar\u0131m asr\u0131 geride b\u0131rakm\u0131\u015f trakt\u00f6r, hala hizmet vermeye devam ediyor. G\u00fcll\u00fcbah\u00e7e\u2019nin \u00f6nde gelen \u00fcreticilerinden Recep \u00c7\u0131nar, 1973 model trakt\u00f6r\u00fcyle toprak i\u015fleme \u00e7al\u0131\u015fmalar\u0131n\u0131 s\u00fcrd\u00fcr\u00fcyor.<\/p>\n<p>Geli\u015fen tar\u0131m teknolojilerine ra\u011fmen eski makinelerden vazge\u00e7emedi\u011fini belirten \u00c7\u0131nar, &#8220;Ne varsa eskilerde var. Bu trakt\u00f6r\u00fcn her yeri hala saat gibi \u00e7al\u0131\u015f\u0131yor&#8221; dedi.<br \/>\n<br \/>Emektar trakt\u00f6r\u00fcn ilk sahibi olduklar\u0131n\u0131 da ifade eden Recep \u00c7\u0131nar, yar\u0131m as\u0131rl\u0131k makinenin dayan\u0131kl\u0131l\u0131\u011f\u0131yla adeta zamana meydan okudu\u011funu s\u00f6yledi.<br \/><\/p>\n","protected":false},"excerpt":{"rendered":"<p>S\u00f6ke Ovas\u0131\u2019nda yar\u0131m asr\u0131 geride b\u0131rakm\u0131\u015f trakt\u00f6r, hala hizmet vermeye devam ediyor. G\u00fcll\u00fcbah\u00e7e\u2019nin \u00f6nde gelen \u00fcreticilerinden Recep \u00c7\u0131nar, 1973 model trakt\u00f6r\u00fcyle toprak i\u015fleme \u00e7al\u0131\u015fmalar\u0131n\u0131 s\u00fcrd\u00fcr\u00fcyor. Geli\u015fen tar\u0131m teknolojilerine ra\u011fmen eski makinelerden vazge\u00e7emedi\u011fini belirten \u00c7\u0131nar, &#8220;Ne varsa eskilerde var. Bu trakt\u00f6r\u00fcn her yeri hala saat gibi \u00e7al\u0131\u015f\u0131yor&#8221; dedi. Emektar trakt\u00f6r\u00fcn ilk sahibi olduklar\u0131n\u0131 da ifade eden&#8230;<\/p>\n","protected":false},"author":1,"featured_media":58215,"comment_status":"open","ping_status":"open","sticky":false,"template":"","format":"standard","meta":{"_crdt_document":"","footnotes":""},"categories":[1],"tags":[],"class_list":["post-58214","post","type-post","status-publish","format-standard","has-post-thumbnail","hentry","category-guncel"],"_links":{"self":[{"href":"https:\/\/www.egemtv.com\/index.php?rest_route=\/wp\/v2\/posts\/58214","targetHints":{"allow":["GET"]}}],"collection":[{"href":"https:\/\/www.egemtv.com\/index.php?rest_route=\/wp\/v2\/posts"}],"about":[{"href":"https:\/\/www.egemtv.com\/index.php?rest_route=\/wp\/v2\/types\/post"}],"author":[{"embeddable":true,"href":"https:\/\/www.egemtv.com\/index.php?rest_route=\/wp\/v2\/users\/1"}],"replies":[{"embeddable":true,"href":"https:\/\/www.egemtv.com\/index.php?rest_route=%2Fwp%2Fv2%2Fcomments&post=58214"}],"version-history":[{"count":1,"href":"https:\/\/www.egemtv.com\/index.php?rest_route=\/wp\/v2\/posts\/58214\/revisions"}],"predecessor-version":[{"id":58216,"href":"https:\/\/www.egemtv.com\/index.php?rest_route=\/wp\/v2\/posts\/58214\/revisions\/58216"}],"wp:featuredmedia":[{"embeddable":true,"href":"https:\/\/www.egemtv.com\/index.php?rest_route=\/wp\/v2\/media\/58215"}],"wp:attachment":[{"href":"https:\/\/www.egemtv.com\/index.php?rest_route=%2Fwp%2Fv2%2Fmedia&parent=58214"}],"wp:term":[{"taxonomy":"category","embeddable":true,"href":"https:\/\/www.egemtv.com\/index.php?rest_route=%2Fwp%2Fv2%2Fcategories&post=58214"},{"taxonomy":"post_tag","embeddable":true,"href":"https:\/\/www.egemtv.com\/index.php?rest_route=%2Fwp%2Fv2%2Ftags&post=58214"}],"curies":[{"name":"wp","href":"https:\/\/api.w.org\/{rel}","templated":true}]}}