{"id":58208,"date":"2025-09-30T09:34:53","date_gmt":"2025-09-30T06:34:53","guid":{"rendered":"https:\/\/www.egemtv.com\/?p=58208"},"modified":"2025-09-30T09:34:55","modified_gmt":"2025-09-30T06:34:55","slug":"bodrumda-24-duzensiz-gocmen-yakalandi-2-kisi-gozaltina-alindi","status":"publish","type":"post","link":"https:\/\/www.egemtv.com\/?p=58208","title":{"rendered":"Bodrum\u2019da 24 d\u00fczensiz g\u00f6\u00e7men yakaland\u0131, 2 ki\u015fi g\u00f6zalt\u0131na al\u0131nd\u0131"},"content":{"rendered":"<p>Mu\u011fla\u2019n\u0131n Bodrum il\u00e7esinde 5\u2019i \u00e7ocuk 24 d\u00fczensiz g\u00f6\u00e7men yakaland\u0131, 2 \u015f\u00fcpheli g\u00f6zalt\u0131na al\u0131nd\u0131.<\/p>\n<p>Bodrum a\u00e7\u0131klar\u0131nda lastik bot i\u00e7erisinde bir grup d\u00fczensiz g\u00f6\u00e7men oldu\u011fu bilgisinin al\u0131nmas\u0131 \u00fczerine Sahil G\u00fcvenlik Botu (KB-71) b\u00f6lgeye hareket etti. Ekipler taraf\u0131ndan hareketli fiber karinal\u0131 lastik bot durdurularak i\u00e7erisindeki 19 d\u00fczensiz g\u00f6\u00e7men ile beraberinde 5 \u00e7ocuk yakaland\u0131. G\u00f6\u00e7menler aras\u0131nda bulunan 2 ki\u015fi g\u00f6\u00e7men ka\u00e7ak\u00e7\u0131l\u0131\u011f\u0131 yapt\u0131klar\u0131 su\u00e7lamas\u0131yla g\u00f6zalt\u0131na al\u0131nd\u0131. Limana getirilen g\u00f6\u00e7menler Mu\u011fla \u0130l G\u00f6\u00e7 \u0130daresi M\u00fcd\u00fcrl\u00fc\u011f\u00fc\u2019ne g\u00f6nderilirken g\u00f6zalt\u0131na al\u0131nan 2 ki\u015fiyle ilgili adli i\u015flemlere ba\u015fland\u0131.<br \/><\/p>\n","protected":false},"excerpt":{"rendered":"<p>Mu\u011fla\u2019n\u0131n Bodrum il\u00e7esinde 5\u2019i \u00e7ocuk 24 d\u00fczensiz g\u00f6\u00e7men yakaland\u0131, 2 \u015f\u00fcpheli g\u00f6zalt\u0131na al\u0131nd\u0131. Bodrum a\u00e7\u0131klar\u0131nda lastik bot i\u00e7erisinde bir grup d\u00fczensiz g\u00f6\u00e7men oldu\u011fu bilgisinin al\u0131nmas\u0131 \u00fczerine Sahil G\u00fcvenlik Botu (KB-71) b\u00f6lgeye hareket etti. Ekipler taraf\u0131ndan hareketli fiber karinal\u0131 lastik bot durdurularak i\u00e7erisindeki 19 d\u00fczensiz g\u00f6\u00e7men ile beraberinde 5 \u00e7ocuk yakaland\u0131. G\u00f6\u00e7menler aras\u0131nda bulunan 2 ki\u015fi&#8230;<\/p>\n","protected":false},"author":1,"featured_media":58209,"comment_status":"open","ping_status":"open","sticky":false,"template":"","format":"standard","meta":{"_crdt_document":"","footnotes":""},"categories":[5],"tags":[],"class_list":["post-58208","post","type-post","status-publish","format-standard","has-post-thumbnail","hentry","category-asayis"],"_links":{"self":[{"href":"https:\/\/www.egemtv.com\/index.php?rest_route=\/wp\/v2\/posts\/58208","targetHints":{"allow":["GET"]}}],"collection":[{"href":"https:\/\/www.egemtv.com\/index.php?rest_route=\/wp\/v2\/posts"}],"about":[{"href":"https:\/\/www.egemtv.com\/index.php?rest_route=\/wp\/v2\/types\/post"}],"author":[{"embeddable":true,"href":"https:\/\/www.egemtv.com\/index.php?rest_route=\/wp\/v2\/users\/1"}],"replies":[{"embeddable":true,"href":"https:\/\/www.egemtv.com\/index.php?rest_route=%2Fwp%2Fv2%2Fcomments&post=58208"}],"version-history":[{"count":1,"href":"https:\/\/www.egemtv.com\/index.php?rest_route=\/wp\/v2\/posts\/58208\/revisions"}],"predecessor-version":[{"id":58210,"href":"https:\/\/www.egemtv.com\/index.php?rest_route=\/wp\/v2\/posts\/58208\/revisions\/58210"}],"wp:featuredmedia":[{"embeddable":true,"href":"https:\/\/www.egemtv.com\/index.php?rest_route=\/wp\/v2\/media\/58209"}],"wp:attachment":[{"href":"https:\/\/www.egemtv.com\/index.php?rest_route=%2Fwp%2Fv2%2Fmedia&parent=58208"}],"wp:term":[{"taxonomy":"category","embeddable":true,"href":"https:\/\/www.egemtv.com\/index.php?rest_route=%2Fwp%2Fv2%2Fcategories&post=58208"},{"taxonomy":"post_tag","embeddable":true,"href":"https:\/\/www.egemtv.com\/index.php?rest_route=%2Fwp%2Fv2%2Ftags&post=58208"}],"curies":[{"name":"wp","href":"https:\/\/api.w.org\/{rel}","templated":true}]}}