{"id":58205,"date":"2025-09-30T08:34:52","date_gmt":"2025-09-30T05:34:52","guid":{"rendered":"https:\/\/www.egemtv.com\/?p=58205"},"modified":"2025-09-30T08:34:53","modified_gmt":"2025-09-30T05:34:53","slug":"olumsuz-hava-sartlari-nedeniyle-sumud-filosundan-ayrilan-4-aktivist-marmarise-geldi","status":"publish","type":"post","link":"https:\/\/www.egemtv.com\/?p=58205","title":{"rendered":"Olumsuz hava \u015fartlar\u0131 nedeniyle Sumud Filosu\u2019ndan ayr\u0131lan 4 aktivist Marmaris\u2019e geldi"},"content":{"rendered":"<p>Gazze\u2019ye insani yard\u0131m amac\u0131yla yola \u00e7\u0131kan Global Sumut Filosu\u2019ndan olumsuz hava \u015fartlar\u0131 nedeniyle tahliye edilen 4 aktivist Marmaris Liman\u0131\u2019na getirildi. Kaymakam Nurullah Kaya ve Anadolu\u2019dan Gazze\u2019ye Platformu Hukuk Sorumlusu Avukat Ay\u015feg\u00fcl Mungan, aktivistleri limanda kar\u015f\u0131layarak il\u00e7ede misafir etti.<br \/>\n<br \/>Gazze\u2019ye y\u00f6nelik ablukay\u0131 k\u0131rmak ve b\u00f6lge halk\u0131na insani yard\u0131m ula\u015ft\u0131rmak amac\u0131yla farkl\u0131 \u00fclkelerden sivil toplum kurulu\u015flar\u0131n\u0131n kat\u0131l\u0131m\u0131yla olu\u015fturulan K\u00fcresel Sumud Filosu, Akdeniz\u2019de seyrine devam ederken olumsuz hava ko\u015fullar\u0131yla kar\u015f\u0131la\u015ft\u0131. Yolculuk s\u0131ras\u0131nda 2\u2019si Fransa, 2\u2019si Malezya vatanda\u015f\u0131 olmak \u00fczere toplam 4 aktivist, sa\u011fl\u0131k ve g\u00fcvenlik gerek\u00e7eleriyle yola devam edemeyeceklerini bildirerek tahliye talebinde bulundu. T\u00fcrkiye\u2019nin g\u00fcvenli sular\u0131na y\u00f6nlendirilen aktivistler, Sahil G\u00fcvenlik unsurlar\u0131 taraf\u0131ndan Marmaris Liman\u0131\u2019na intikal ettirildi. \u0130l\u00e7edeki Deniz Hudut Kap\u0131s\u0131\u2019nda gerekli i\u015flemleri yap\u0131lan aktivistler, sorunsuz \u015fekilde \u00fclkeye giri\u015f yapt\u0131.<br \/>\n<br \/>Aktivistleri Anadolu\u2019dan Gazze\u2019ye Platformu Hukuk Sorumlusu Avukat Ay\u015feg\u00fcl Mungan ve Marmaris Marmaris Kaymakam\u0131 Nurullah Kaya limanda kar\u015f\u0131layarak misafir etti. Kaymakam Kaya yapt\u0131\u011f\u0131 a\u00e7\u0131klamada, &#8220;Karde\u015flerimiz \u00e7\u0131kt\u0131klar\u0131 yolda fiziken devam edemese de g\u00f6n\u00fcllerinin Gazze\u2019ye yol alan arkada\u015flar\u0131yla birlikte oldu\u011funu biliyoruz&#8221; ifadelerini kulland\u0131.<br \/>\n<br \/>Kaymakam Kaya, aktivistlerin Marmaris\u2019te dinlenmelerinin ard\u0131ndan \u00fclkelerine u\u011furlanacaklar\u0131n\u0131 belirtti.<br \/><\/p>\n","protected":false},"excerpt":{"rendered":"<p>Gazze\u2019ye insani yard\u0131m amac\u0131yla yola \u00e7\u0131kan Global Sumut Filosu\u2019ndan olumsuz hava \u015fartlar\u0131 nedeniyle tahliye edilen 4 aktivist Marmaris Liman\u0131\u2019na getirildi. Kaymakam Nurullah Kaya ve Anadolu\u2019dan Gazze\u2019ye Platformu Hukuk Sorumlusu Avukat Ay\u015feg\u00fcl Mungan, aktivistleri limanda kar\u015f\u0131layarak il\u00e7ede misafir etti. Gazze\u2019ye y\u00f6nelik ablukay\u0131 k\u0131rmak ve b\u00f6lge halk\u0131na insani yard\u0131m ula\u015ft\u0131rmak amac\u0131yla farkl\u0131 \u00fclkelerden sivil toplum kurulu\u015flar\u0131n\u0131n kat\u0131l\u0131m\u0131yla&#8230;<\/p>\n","protected":false},"author":1,"featured_media":58206,"comment_status":"open","ping_status":"open","sticky":false,"template":"","format":"standard","meta":{"_crdt_document":"","footnotes":""},"categories":[1],"tags":[],"class_list":["post-58205","post","type-post","status-publish","format-standard","has-post-thumbnail","hentry","category-guncel"],"_links":{"self":[{"href":"https:\/\/www.egemtv.com\/index.php?rest_route=\/wp\/v2\/posts\/58205","targetHints":{"allow":["GET"]}}],"collection":[{"href":"https:\/\/www.egemtv.com\/index.php?rest_route=\/wp\/v2\/posts"}],"about":[{"href":"https:\/\/www.egemtv.com\/index.php?rest_route=\/wp\/v2\/types\/post"}],"author":[{"embeddable":true,"href":"https:\/\/www.egemtv.com\/index.php?rest_route=\/wp\/v2\/users\/1"}],"replies":[{"embeddable":true,"href":"https:\/\/www.egemtv.com\/index.php?rest_route=%2Fwp%2Fv2%2Fcomments&post=58205"}],"version-history":[{"count":1,"href":"https:\/\/www.egemtv.com\/index.php?rest_route=\/wp\/v2\/posts\/58205\/revisions"}],"predecessor-version":[{"id":58207,"href":"https:\/\/www.egemtv.com\/index.php?rest_route=\/wp\/v2\/posts\/58205\/revisions\/58207"}],"wp:featuredmedia":[{"embeddable":true,"href":"https:\/\/www.egemtv.com\/index.php?rest_route=\/wp\/v2\/media\/58206"}],"wp:attachment":[{"href":"https:\/\/www.egemtv.com\/index.php?rest_route=%2Fwp%2Fv2%2Fmedia&parent=58205"}],"wp:term":[{"taxonomy":"category","embeddable":true,"href":"https:\/\/www.egemtv.com\/index.php?rest_route=%2Fwp%2Fv2%2Fcategories&post=58205"},{"taxonomy":"post_tag","embeddable":true,"href":"https:\/\/www.egemtv.com\/index.php?rest_route=%2Fwp%2Fv2%2Ftags&post=58205"}],"curies":[{"name":"wp","href":"https:\/\/api.w.org\/{rel}","templated":true}]}}