{"id":58154,"date":"2025-09-29T17:14:58","date_gmt":"2025-09-29T14:14:58","guid":{"rendered":"https:\/\/www.egemtv.com\/?p=58154"},"modified":"2025-09-29T17:14:59","modified_gmt":"2025-09-29T14:14:59","slug":"manisada-tir-ile-traktor-carpisti-yasli-surucu-agir-yarali","status":"publish","type":"post","link":"https:\/\/www.egemtv.com\/?p=58154","title":{"rendered":"Manisa\u2019da t\u0131r ile trakt\u00f6r \u00e7arp\u0131\u015ft\u0131: Ya\u015fl\u0131 s\u00fcr\u00fcc\u00fc a\u011f\u0131r yaral\u0131"},"content":{"rendered":"<p>Manisa\u2019n\u0131n Salihli il\u00e7esinde t\u0131r ile trakt\u00f6r\u00fcn \u00e7arp\u0131\u015fmas\u0131 sonucu meydana gelen kazada 76 ya\u015f\u0131ndaki trakt\u00f6r s\u00fcr\u00fcc\u00fcs\u00fc a\u011f\u0131r yaraland\u0131.<br \/>\n<br \/>Kaza, \u0130zmir-Ankara D300 kara yolu De\u011firmen Kav\u015fa\u011f\u0131\u2019nda meydana geldi. Edinilen bilgilere g\u00f6re, Salihli\u2019den Kula y\u00f6n\u00fcne giden O.A. y\u00f6netimindeki 06 SFE 02 plakal\u0131 t\u0131r ile Kur\u015funlu y\u00f6n\u00fcne ilerleyen H.S. (76) idaresindeki 45 RH 824 plakal\u0131 trakt\u00f6r kav\u015fakta \u00e7arp\u0131\u015ft\u0131. \u00c7arp\u0131\u015fman\u0131n etkisiyle trakt\u00f6r hurdaya d\u00f6nerken s\u00fcr\u00fcc\u00fcs\u00fc a\u011f\u0131r yaraland\u0131. T\u0131r s\u00fcr\u00fcc\u00fcs\u00fc kazay\u0131 yara almadan atlat\u0131rken ihbar \u00fczerine olay yerine sa\u011fl\u0131k ve polis ekipleri sevk edildi.<br \/>\n<br \/>A\u011f\u0131r yaralanan trakt\u00f6r s\u00fcr\u00fcc\u00fcs\u00fc, sa\u011fl\u0131k ekiplerinin olay yerindeki ilk m\u00fcdahalesinin ard\u0131ndan il\u00e7edeki \u00f6zel bir hastaneye kald\u0131r\u0131ld\u0131.<br \/>\n<br \/>Kazayla ilgili soru\u015fturma ba\u015flat\u0131l\u0131rken, yaral\u0131n\u0131n hayati tehlikesinin bulundu\u011fu \u00f6\u011frenildi.<br \/><\/p>\n","protected":false},"excerpt":{"rendered":"<p>Manisa\u2019n\u0131n Salihli il\u00e7esinde t\u0131r ile trakt\u00f6r\u00fcn \u00e7arp\u0131\u015fmas\u0131 sonucu meydana gelen kazada 76 ya\u015f\u0131ndaki trakt\u00f6r s\u00fcr\u00fcc\u00fcs\u00fc a\u011f\u0131r yaraland\u0131. Kaza, \u0130zmir-Ankara D300 kara yolu De\u011firmen Kav\u015fa\u011f\u0131\u2019nda meydana geldi. Edinilen bilgilere g\u00f6re, Salihli\u2019den Kula y\u00f6n\u00fcne giden O.A. y\u00f6netimindeki 06 SFE 02 plakal\u0131 t\u0131r ile Kur\u015funlu y\u00f6n\u00fcne ilerleyen H.S. (76) idaresindeki 45 RH 824 plakal\u0131 trakt\u00f6r kav\u015fakta \u00e7arp\u0131\u015ft\u0131. \u00c7arp\u0131\u015fman\u0131n&#8230;<\/p>\n","protected":false},"author":1,"featured_media":58155,"comment_status":"open","ping_status":"open","sticky":false,"template":"","format":"standard","meta":{"_crdt_document":"","footnotes":""},"categories":[5],"tags":[],"class_list":["post-58154","post","type-post","status-publish","format-standard","has-post-thumbnail","hentry","category-asayis"],"_links":{"self":[{"href":"https:\/\/www.egemtv.com\/index.php?rest_route=\/wp\/v2\/posts\/58154","targetHints":{"allow":["GET"]}}],"collection":[{"href":"https:\/\/www.egemtv.com\/index.php?rest_route=\/wp\/v2\/posts"}],"about":[{"href":"https:\/\/www.egemtv.com\/index.php?rest_route=\/wp\/v2\/types\/post"}],"author":[{"embeddable":true,"href":"https:\/\/www.egemtv.com\/index.php?rest_route=\/wp\/v2\/users\/1"}],"replies":[{"embeddable":true,"href":"https:\/\/www.egemtv.com\/index.php?rest_route=%2Fwp%2Fv2%2Fcomments&post=58154"}],"version-history":[{"count":1,"href":"https:\/\/www.egemtv.com\/index.php?rest_route=\/wp\/v2\/posts\/58154\/revisions"}],"predecessor-version":[{"id":58156,"href":"https:\/\/www.egemtv.com\/index.php?rest_route=\/wp\/v2\/posts\/58154\/revisions\/58156"}],"wp:featuredmedia":[{"embeddable":true,"href":"https:\/\/www.egemtv.com\/index.php?rest_route=\/wp\/v2\/media\/58155"}],"wp:attachment":[{"href":"https:\/\/www.egemtv.com\/index.php?rest_route=%2Fwp%2Fv2%2Fmedia&parent=58154"}],"wp:term":[{"taxonomy":"category","embeddable":true,"href":"https:\/\/www.egemtv.com\/index.php?rest_route=%2Fwp%2Fv2%2Fcategories&post=58154"},{"taxonomy":"post_tag","embeddable":true,"href":"https:\/\/www.egemtv.com\/index.php?rest_route=%2Fwp%2Fv2%2Ftags&post=58154"}],"curies":[{"name":"wp","href":"https:\/\/api.w.org\/{rel}","templated":true}]}}