{"id":58142,"date":"2025-09-29T16:15:03","date_gmt":"2025-09-29T13:15:03","guid":{"rendered":"https:\/\/www.egemtv.com\/?p=58142"},"modified":"2025-09-29T16:15:07","modified_gmt":"2025-09-29T13:15:07","slug":"marmariste-dalis-turizmine-yogun-ilgi","status":"publish","type":"post","link":"https:\/\/www.egemtv.com\/?p=58142","title":{"rendered":"Marmaris\u2019te dal\u0131\u015f turizmine yo\u011fun ilgi"},"content":{"rendered":"<p>T\u00fcrkiye\u2019nin \u00f6nemli turizm merkezlerinden Mu\u011fla\u2019n\u0131n Marmaris il\u00e7esi, son y\u0131llarda dal\u0131\u015f turizmiyle de \u00f6ne \u00e7\u0131k\u0131yor. Yerli ve yabanc\u0131 turistler, b\u00f6lgedeki dal\u0131\u015f okullar\u0131 arac\u0131l\u0131\u011f\u0131yla hem Ege\u2019nin berrak sular\u0131n\u0131 ke\u015ffediyor hem de su alt\u0131ndaki bat\u0131klar, renkli bal\u0131klar ve mercanlar\u0131 g\u00f6rme f\u0131rsat\u0131 buluyor. Dal\u0131\u015f e\u011fitmenleri, \u00f6zellikle g\u00fcvenli ve kolay dal\u0131\u015f noktalar\u0131n\u0131n tercih edildi\u011fini belirtti.<\/p>\n<p>Marmaris ve \u0130\u00e7meler Limanlar\u0131\u2019ndan Marmaris K\u00f6rfezi\u2019nin akvaryum koylar\u0131nda, uzman dal\u0131\u015f e\u011fitmenlerinin dal\u0131\u015f hakk\u0131nda bilgi vermelerinin ard\u0131ndan, yine e\u011fitmenler e\u015fli\u011finde dal\u0131\u015f yapan yerli ve yabanc\u0131 turistler Marmaris\u2019in denizinin alt\u0131n\u0131n da \u00fcst\u00fc kadar g\u00fczel  oldu\u011funu belirtiyor.<\/p>\n<p>&#8220;Suyun alt\u0131nda evimdeki kadar rahatt\u0131m&#8221;<br \/>\n<br \/>Marmaris\u2019e tatile gelen K\u00fcbra Etlik, ilk kez dal\u0131\u015f deneyimi ya\u015fad\u0131\u011f\u0131n\u0131 belirterek, &#8220;Biz Ku\u015fadas\u0131\u2019ndan Akyaka\u2019ya gelmi\u015ftik ve dalmak istiyorduk. \u0130lk dal\u0131\u015f tecr\u00fcbemiz olmas\u0131na ra\u011fmen Marmaris\u2019teki noktalar \u00e7ok rahatt\u0131. Suyun alt\u0131nda kendimi evimdeki kadar huzurlu hissettim. Hocalar\u0131m\u0131zla birlikte iki farkl\u0131 noktada dal\u0131\u015f yapt\u0131k, \u00e7ok keyifliydi&#8221; dedi.<\/p>\n<p>&#8220;Turistler bat\u0131klara b\u00fcy\u00fck ilgi g\u00f6steriyor&#8221;<br \/>\n<br \/>\u00c7ocuklu\u011fundan bu yana dald\u0131\u011f\u0131n\u0131 belirten 22 ya\u015f\u0131ndaki Dal\u0131\u015f E\u011fitmeni Ya\u011f\u0131z G\u00fcner ise turistlerin \u00f6zellikle su alt\u0131 ya\u015fam\u0131n\u0131 merak ettiklerini ifade ederek, &#8220;\u0130nsanlar \u00f6zellikle bat\u0131klar\u0131m\u0131z\u0131 ve farkl\u0131 su alt\u0131 g\u00fczelliklerini merak ediyor. B\u00fcy\u00fck ya da k\u00fc\u00e7\u00fck canl\u0131lar\u0131n \u00e7e\u015fitlili\u011fi dalg\u0131\u00e7lar\u0131 cezbediyor&#8221; \u015feklinde konu\u015ftu.<\/p>\n<p>&#8220;Hem T\u00fcrk hem yabanc\u0131 turistlerden yo\u011fun ilgi&#8221;<br \/>\n<br \/>34 y\u0131ld\u0131r sekt\u00f6r\u00fcn i\u00e7inde olan e\u011fitmen Emin Engin G\u00fcner, Marmaris\u2019te dal\u0131\u015f turizmine y\u00f6nelik ilgiyi de\u011ferlendirerek, &#8220;Dal\u0131\u015fta en g\u00fcvenli ve en kolay b\u00f6lgeleri tercih ettiriyoruz. \u00d6zellikle \u2018akvaryum\u2019 dedi\u011fimiz \u00f6zel noktalarda keyifli dal\u0131\u015flar yap\u0131yoruz. Bu y\u0131l hem yabanc\u0131 hem de T\u00fcrk misafirlerimiz yo\u011fun ilgi g\u00f6sterdi. T\u00fcrk misafirlerimize i\u00e7ten ve samimi yakla\u015ft\u0131k, onlar da memnuniyetle Marmaris\u2019i tercih ettiler&#8221; dedi.<\/p>\n<p>&#8220;K\u00f6pekbal\u0131\u011f\u0131 fobisi en \u00e7ok sorulan konu&#8221;<br \/>\n<br \/>Dalg\u0131\u00e7 adaylar\u0131n\u0131n en \u00e7ok merak etti\u011fi konulardan birinin k\u00f6pekbal\u0131\u011f\u0131 oldu\u011funu s\u00f6yleyen G\u00fcner, &#8220;Bizim sularda k\u00f6pekbal\u0131\u011f\u0131 yok. Tehlikeli bir canl\u0131 da bulunmad\u0131\u011f\u0131 i\u00e7in g\u00f6n\u00fcl rahatl\u0131\u011f\u0131yla dal\u0131\u015f yap\u0131labiliyor. Y\u00fczme bilmeyen veya az bilen misafirlerimize de birebir e\u011fitim veriyoruz&#8221; ifadelerini kulland\u0131.<\/p>\n<p>&#8220;12 ya\u015f\u0131ndan itibaren dal\u0131\u015f m\u00fcmk\u00fcn&#8221;<br \/>\n<br \/>Dal\u0131\u015f yapamayacak ki\u015filer konusunda da bilgi veren e\u011fitmen G\u00fcner, &#8220;Epilepsi hastalar\u0131, kalp ameliyat\u0131 ge\u00e7irmi\u015f ve doktor raporu olmayan ki\u015filer ile hamileler dal\u0131\u015f yapmamal\u0131. Onun d\u0131\u015f\u0131nda gerekli raporu alan herkes dal\u0131\u015f yapabilir. Daha \u00f6nce 14 olan ya\u015f s\u0131n\u0131r\u0131 da federasyon karar\u0131yla 12\u2019ye indirildi. Art\u0131k 12 ya\u015f\u0131n\u0131 dolduran gen\u00e7ler de g\u00fcvenle dal\u0131\u015f yapabiliyor&#8221; \u015feklinde konu\u015ftu.<br \/><\/p>\n","protected":false},"excerpt":{"rendered":"<p>T\u00fcrkiye\u2019nin \u00f6nemli turizm merkezlerinden Mu\u011fla\u2019n\u0131n Marmaris il\u00e7esi, son y\u0131llarda dal\u0131\u015f turizmiyle de \u00f6ne \u00e7\u0131k\u0131yor. Yerli ve yabanc\u0131 turistler, b\u00f6lgedeki dal\u0131\u015f okullar\u0131 arac\u0131l\u0131\u011f\u0131yla hem Ege\u2019nin berrak sular\u0131n\u0131 ke\u015ffediyor hem de su alt\u0131ndaki bat\u0131klar, renkli bal\u0131klar ve mercanlar\u0131 g\u00f6rme f\u0131rsat\u0131 buluyor. Dal\u0131\u015f e\u011fitmenleri, \u00f6zellikle g\u00fcvenli ve kolay dal\u0131\u015f noktalar\u0131n\u0131n tercih edildi\u011fini belirtti. Marmaris ve \u0130\u00e7meler Limanlar\u0131\u2019ndan Marmaris&#8230;<\/p>\n","protected":false},"author":1,"featured_media":58143,"comment_status":"open","ping_status":"open","sticky":false,"template":"","format":"standard","meta":{"_crdt_document":"","footnotes":""},"categories":[1],"tags":[],"class_list":["post-58142","post","type-post","status-publish","format-standard","has-post-thumbnail","hentry","category-guncel"],"_links":{"self":[{"href":"https:\/\/www.egemtv.com\/index.php?rest_route=\/wp\/v2\/posts\/58142","targetHints":{"allow":["GET"]}}],"collection":[{"href":"https:\/\/www.egemtv.com\/index.php?rest_route=\/wp\/v2\/posts"}],"about":[{"href":"https:\/\/www.egemtv.com\/index.php?rest_route=\/wp\/v2\/types\/post"}],"author":[{"embeddable":true,"href":"https:\/\/www.egemtv.com\/index.php?rest_route=\/wp\/v2\/users\/1"}],"replies":[{"embeddable":true,"href":"https:\/\/www.egemtv.com\/index.php?rest_route=%2Fwp%2Fv2%2Fcomments&post=58142"}],"version-history":[{"count":1,"href":"https:\/\/www.egemtv.com\/index.php?rest_route=\/wp\/v2\/posts\/58142\/revisions"}],"predecessor-version":[{"id":58144,"href":"https:\/\/www.egemtv.com\/index.php?rest_route=\/wp\/v2\/posts\/58142\/revisions\/58144"}],"wp:featuredmedia":[{"embeddable":true,"href":"https:\/\/www.egemtv.com\/index.php?rest_route=\/wp\/v2\/media\/58143"}],"wp:attachment":[{"href":"https:\/\/www.egemtv.com\/index.php?rest_route=%2Fwp%2Fv2%2Fmedia&parent=58142"}],"wp:term":[{"taxonomy":"category","embeddable":true,"href":"https:\/\/www.egemtv.com\/index.php?rest_route=%2Fwp%2Fv2%2Fcategories&post=58142"},{"taxonomy":"post_tag","embeddable":true,"href":"https:\/\/www.egemtv.com\/index.php?rest_route=%2Fwp%2Fv2%2Ftags&post=58142"}],"curies":[{"name":"wp","href":"https:\/\/api.w.org\/{rel}","templated":true}]}}