{"id":58139,"date":"2025-09-29T15:55:09","date_gmt":"2025-09-29T12:55:09","guid":{"rendered":"https:\/\/www.egemtv.com\/?p=58139"},"modified":"2025-09-29T15:55:10","modified_gmt":"2025-09-29T12:55:10","slug":"ilkokul-ogrencilerine-trafik-egitimi-verildi","status":"publish","type":"post","link":"https:\/\/www.egemtv.com\/?p=58139","title":{"rendered":"\u0130lkokul \u00f6\u011frencilerine trafik e\u011fitimi verildi"},"content":{"rendered":"<p>Ayd\u0131n\u2019\u0131n S\u00f6ke il\u00e7esinde jandarma ekiplerince ilkokul \u00f6\u011frencilerine trafik e\u011fitimi verildi.<\/p>\n<p>Ayd\u0131n \u0130l Jandarma Trafik Jandarmas\u0131 taraf\u0131ndan S\u00f6ke il\u00e7esi Sazl\u0131 Mahallesi Hac\u0131 Halil Pa\u015fa \u0130lkokulu\u2019nda \u00f6\u011frencilere seminer verildi. Seminere kat\u0131lan 35 \u00f6\u011frenciye, \u00f6nce yaya, genel trafik kurallar\u0131, okul servislerinden inme ve binme kurallar\u0131, bisiklet binme kurallar\u0131, ara\u00e7larda emniyet kemeri kullanman\u0131n \u00f6nemi, trafikte g\u00f6r\u00fcn\u00fcrl\u00fck ile yaya okul ge\u00e7itlerinde hareket tarz\u0131 konular\u0131nda bilgilendirme yap\u0131ld\u0131. Konu ile ilgili Ayd\u0131n \u0130l Jandarmada Komutanl\u0131\u011f\u0131\u2019ndan yap\u0131lan a\u00e7\u0131klamada &#8220;\u00d6\u011frencilerimizin huzur ve g\u00fcvenli\u011fi i\u00e7in faaliyetlerimiz aral\u0131ks\u0131z olarak devam etmektedir&#8221; ifadeleri yer ald\u0131.<br \/><\/p>\n","protected":false},"excerpt":{"rendered":"<p>Ayd\u0131n\u2019\u0131n S\u00f6ke il\u00e7esinde jandarma ekiplerince ilkokul \u00f6\u011frencilerine trafik e\u011fitimi verildi. Ayd\u0131n \u0130l Jandarma Trafik Jandarmas\u0131 taraf\u0131ndan S\u00f6ke il\u00e7esi Sazl\u0131 Mahallesi Hac\u0131 Halil Pa\u015fa \u0130lkokulu\u2019nda \u00f6\u011frencilere seminer verildi. Seminere kat\u0131lan 35 \u00f6\u011frenciye, \u00f6nce yaya, genel trafik kurallar\u0131, okul servislerinden inme ve binme kurallar\u0131, bisiklet binme kurallar\u0131, ara\u00e7larda emniyet kemeri kullanman\u0131n \u00f6nemi, trafikte g\u00f6r\u00fcn\u00fcrl\u00fck ile yaya okul&#8230;<\/p>\n","protected":false},"author":1,"featured_media":58140,"comment_status":"open","ping_status":"open","sticky":false,"template":"","format":"standard","meta":{"_crdt_document":"","footnotes":""},"categories":[5],"tags":[],"class_list":["post-58139","post","type-post","status-publish","format-standard","has-post-thumbnail","hentry","category-asayis"],"_links":{"self":[{"href":"https:\/\/www.egemtv.com\/index.php?rest_route=\/wp\/v2\/posts\/58139","targetHints":{"allow":["GET"]}}],"collection":[{"href":"https:\/\/www.egemtv.com\/index.php?rest_route=\/wp\/v2\/posts"}],"about":[{"href":"https:\/\/www.egemtv.com\/index.php?rest_route=\/wp\/v2\/types\/post"}],"author":[{"embeddable":true,"href":"https:\/\/www.egemtv.com\/index.php?rest_route=\/wp\/v2\/users\/1"}],"replies":[{"embeddable":true,"href":"https:\/\/www.egemtv.com\/index.php?rest_route=%2Fwp%2Fv2%2Fcomments&post=58139"}],"version-history":[{"count":1,"href":"https:\/\/www.egemtv.com\/index.php?rest_route=\/wp\/v2\/posts\/58139\/revisions"}],"predecessor-version":[{"id":58141,"href":"https:\/\/www.egemtv.com\/index.php?rest_route=\/wp\/v2\/posts\/58139\/revisions\/58141"}],"wp:featuredmedia":[{"embeddable":true,"href":"https:\/\/www.egemtv.com\/index.php?rest_route=\/wp\/v2\/media\/58140"}],"wp:attachment":[{"href":"https:\/\/www.egemtv.com\/index.php?rest_route=%2Fwp%2Fv2%2Fmedia&parent=58139"}],"wp:term":[{"taxonomy":"category","embeddable":true,"href":"https:\/\/www.egemtv.com\/index.php?rest_route=%2Fwp%2Fv2%2Fcategories&post=58139"},{"taxonomy":"post_tag","embeddable":true,"href":"https:\/\/www.egemtv.com\/index.php?rest_route=%2Fwp%2Fv2%2Ftags&post=58139"}],"curies":[{"name":"wp","href":"https:\/\/api.w.org\/{rel}","templated":true}]}}