{"id":58136,"date":"2025-09-29T15:55:08","date_gmt":"2025-09-29T12:55:08","guid":{"rendered":"https:\/\/www.egemtv.com\/?p=58136"},"modified":"2025-09-29T15:55:09","modified_gmt":"2025-09-29T12:55:09","slug":"marmarise-sonbaharin-ilk-yagmuru-dustu","status":"publish","type":"post","link":"https:\/\/www.egemtv.com\/?p=58136","title":{"rendered":"Marmaris\u2019e sonbahar\u0131n ilk ya\u011fmuru d\u00fc\u015ft\u00fc"},"content":{"rendered":"<p>Mu\u011fla\u2019n\u0131n Marmaris il\u00e7esinde Sonbahar mevsiminin ilk ya\u011fmuru d\u00fc\u015ft\u00fc.<br \/>\n<br \/>Meteoroloji 4. B\u00f6lge M\u00fcd\u00fcrl\u00fc\u011f\u00fc\u2019n\u00fcn sa\u011fanak ya\u011f\u0131\u015f uyar\u0131s\u0131n\u0131n ard\u0131ndan Mu\u011fla\u2019n\u0131n Marmaris il\u00e7esinde \u00f6\u011fleden sonra ya\u011f\u0131\u015flar ba\u015flad\u0131. Yer yer h\u0131z\u0131n\u0131 art\u0131ran sa\u011fanak nedeniyle yollarda su birikintileri olu\u015ftu, trafikte zaman zaman aksamalar ya\u015fand\u0131.<br \/>\n<br \/>Yetkililer, ya\u011f\u0131\u015flar\u0131n \u00f6n\u00fcm\u00fczdeki g\u00fcnlerde birka\u00e7 g\u00fcn daha etkisini s\u00fcrd\u00fcrece\u011fini belirtti.<br \/><\/p>\n","protected":false},"excerpt":{"rendered":"<p>Mu\u011fla\u2019n\u0131n Marmaris il\u00e7esinde Sonbahar mevsiminin ilk ya\u011fmuru d\u00fc\u015ft\u00fc. Meteoroloji 4. B\u00f6lge M\u00fcd\u00fcrl\u00fc\u011f\u00fc\u2019n\u00fcn sa\u011fanak ya\u011f\u0131\u015f uyar\u0131s\u0131n\u0131n ard\u0131ndan Mu\u011fla\u2019n\u0131n Marmaris il\u00e7esinde \u00f6\u011fleden sonra ya\u011f\u0131\u015flar ba\u015flad\u0131. Yer yer h\u0131z\u0131n\u0131 art\u0131ran sa\u011fanak nedeniyle yollarda su birikintileri olu\u015ftu, trafikte zaman zaman aksamalar ya\u015fand\u0131. Yetkililer, ya\u011f\u0131\u015flar\u0131n \u00f6n\u00fcm\u00fczdeki g\u00fcnlerde birka\u00e7 g\u00fcn daha etkisini s\u00fcrd\u00fcrece\u011fini belirtti.<\/p>\n","protected":false},"author":1,"featured_media":58137,"comment_status":"open","ping_status":"open","sticky":false,"template":"","format":"standard","meta":{"_crdt_document":"","footnotes":""},"categories":[1],"tags":[],"class_list":["post-58136","post","type-post","status-publish","format-standard","has-post-thumbnail","hentry","category-guncel"],"_links":{"self":[{"href":"https:\/\/www.egemtv.com\/index.php?rest_route=\/wp\/v2\/posts\/58136","targetHints":{"allow":["GET"]}}],"collection":[{"href":"https:\/\/www.egemtv.com\/index.php?rest_route=\/wp\/v2\/posts"}],"about":[{"href":"https:\/\/www.egemtv.com\/index.php?rest_route=\/wp\/v2\/types\/post"}],"author":[{"embeddable":true,"href":"https:\/\/www.egemtv.com\/index.php?rest_route=\/wp\/v2\/users\/1"}],"replies":[{"embeddable":true,"href":"https:\/\/www.egemtv.com\/index.php?rest_route=%2Fwp%2Fv2%2Fcomments&post=58136"}],"version-history":[{"count":1,"href":"https:\/\/www.egemtv.com\/index.php?rest_route=\/wp\/v2\/posts\/58136\/revisions"}],"predecessor-version":[{"id":58138,"href":"https:\/\/www.egemtv.com\/index.php?rest_route=\/wp\/v2\/posts\/58136\/revisions\/58138"}],"wp:featuredmedia":[{"embeddable":true,"href":"https:\/\/www.egemtv.com\/index.php?rest_route=\/wp\/v2\/media\/58137"}],"wp:attachment":[{"href":"https:\/\/www.egemtv.com\/index.php?rest_route=%2Fwp%2Fv2%2Fmedia&parent=58136"}],"wp:term":[{"taxonomy":"category","embeddable":true,"href":"https:\/\/www.egemtv.com\/index.php?rest_route=%2Fwp%2Fv2%2Fcategories&post=58136"},{"taxonomy":"post_tag","embeddable":true,"href":"https:\/\/www.egemtv.com\/index.php?rest_route=%2Fwp%2Fv2%2Ftags&post=58136"}],"curies":[{"name":"wp","href":"https:\/\/api.w.org\/{rel}","templated":true}]}}