{"id":58133,"date":"2025-09-29T15:55:06","date_gmt":"2025-09-29T12:55:06","guid":{"rendered":"https:\/\/www.egemtv.com\/?p=58133"},"modified":"2025-09-29T15:55:07","modified_gmt":"2025-09-29T12:55:07","slug":"dort-duzensiz-gocmen-otoyol-jandarmasina-takildi","status":"publish","type":"post","link":"https:\/\/www.egemtv.com\/?p=58133","title":{"rendered":"D\u00f6rt d\u00fczensiz g\u00f6\u00e7men otoyol jandarmas\u0131na tak\u0131ld\u0131"},"content":{"rendered":"<p>\u0130zmir\u2019den Mu\u011fla\u2019ya gittikleri tespit edilen 4 d\u00fczensiz g\u00f6\u00e7men ile 1 g\u00f6\u00e7men ka\u00e7ak\u00e7\u0131s\u0131 Ayd\u0131n\u2019\u0131n Germencik il\u00e7esinde otoyol jandarmas\u0131 taraf\u0131ndan yakaland\u0131.<\/p>\n<p>H\u0131d\u0131rbeyli Otoyol Jandarma Karakol Komutanl\u0131\u011f\u0131 koordinesinde y\u00fcr\u00fct\u00fclen \u00e7al\u0131\u015fmalar aral\u0131ks\u0131z devam ediyor. Edinilen bilgiye g\u00f6re \u015f\u00fcphe \u00fczerine durdurulan bir ara\u00e7 i\u00e7erisinde 1\u2019i kad\u0131n 4 d\u00fczensiz g\u00f6\u00e7men ve 1 g\u00f6\u00e7men ka\u00e7ak\u00e7\u0131s\u0131 \u015f\u00fcphelisinin oldu\u011fu tespit edildi. Yap\u0131lan incelemelerde d\u00fczensiz g\u00f6\u00e7menlerin \u0130zmir\u2019den Mu\u011fla\u2019n\u0131n Bodrum il\u00e7esine g\u00f6t\u00fcr\u00fcld\u00fc\u011f\u00fc belirlendi. Yakalanarak g\u00f6zalt\u0131na al\u0131nan d\u00fczensiz g\u00f6\u00e7menler gerekli i\u015flemlerinin ard\u0131ndan D\u00fczensiz G\u00f6\u00e7men \u00d6n Kabul ve Sevk Merkezi\u2019ne (G\u00d6KSEM) teslim edilirken, yakalanan g\u00f6\u00e7men ka\u00e7ak\u00e7\u0131s\u0131 \u015f\u00fcphelisi hakk\u0131nda adli s\u00fcre\u00e7 ba\u015flat\u0131ld\u0131.<br \/><\/p>\n","protected":false},"excerpt":{"rendered":"<p>\u0130zmir\u2019den Mu\u011fla\u2019ya gittikleri tespit edilen 4 d\u00fczensiz g\u00f6\u00e7men ile 1 g\u00f6\u00e7men ka\u00e7ak\u00e7\u0131s\u0131 Ayd\u0131n\u2019\u0131n Germencik il\u00e7esinde otoyol jandarmas\u0131 taraf\u0131ndan yakaland\u0131. H\u0131d\u0131rbeyli Otoyol Jandarma Karakol Komutanl\u0131\u011f\u0131 koordinesinde y\u00fcr\u00fct\u00fclen \u00e7al\u0131\u015fmalar aral\u0131ks\u0131z devam ediyor. Edinilen bilgiye g\u00f6re \u015f\u00fcphe \u00fczerine durdurulan bir ara\u00e7 i\u00e7erisinde 1\u2019i kad\u0131n 4 d\u00fczensiz g\u00f6\u00e7men ve 1 g\u00f6\u00e7men ka\u00e7ak\u00e7\u0131s\u0131 \u015f\u00fcphelisinin oldu\u011fu tespit edildi. Yap\u0131lan incelemelerde d\u00fczensiz&#8230;<\/p>\n","protected":false},"author":1,"featured_media":58134,"comment_status":"open","ping_status":"open","sticky":false,"template":"","format":"standard","meta":{"_crdt_document":"","footnotes":""},"categories":[5],"tags":[],"class_list":["post-58133","post","type-post","status-publish","format-standard","has-post-thumbnail","hentry","category-asayis"],"_links":{"self":[{"href":"https:\/\/www.egemtv.com\/index.php?rest_route=\/wp\/v2\/posts\/58133","targetHints":{"allow":["GET"]}}],"collection":[{"href":"https:\/\/www.egemtv.com\/index.php?rest_route=\/wp\/v2\/posts"}],"about":[{"href":"https:\/\/www.egemtv.com\/index.php?rest_route=\/wp\/v2\/types\/post"}],"author":[{"embeddable":true,"href":"https:\/\/www.egemtv.com\/index.php?rest_route=\/wp\/v2\/users\/1"}],"replies":[{"embeddable":true,"href":"https:\/\/www.egemtv.com\/index.php?rest_route=%2Fwp%2Fv2%2Fcomments&post=58133"}],"version-history":[{"count":1,"href":"https:\/\/www.egemtv.com\/index.php?rest_route=\/wp\/v2\/posts\/58133\/revisions"}],"predecessor-version":[{"id":58135,"href":"https:\/\/www.egemtv.com\/index.php?rest_route=\/wp\/v2\/posts\/58133\/revisions\/58135"}],"wp:featuredmedia":[{"embeddable":true,"href":"https:\/\/www.egemtv.com\/index.php?rest_route=\/wp\/v2\/media\/58134"}],"wp:attachment":[{"href":"https:\/\/www.egemtv.com\/index.php?rest_route=%2Fwp%2Fv2%2Fmedia&parent=58133"}],"wp:term":[{"taxonomy":"category","embeddable":true,"href":"https:\/\/www.egemtv.com\/index.php?rest_route=%2Fwp%2Fv2%2Fcategories&post=58133"},{"taxonomy":"post_tag","embeddable":true,"href":"https:\/\/www.egemtv.com\/index.php?rest_route=%2Fwp%2Fv2%2Ftags&post=58133"}],"curies":[{"name":"wp","href":"https:\/\/api.w.org\/{rel}","templated":true}]}}