{"id":58049,"date":"2025-09-29T12:34:51","date_gmt":"2025-09-29T09:34:51","guid":{"rendered":"https:\/\/www.egemtv.com\/?p=58049"},"modified":"2025-09-29T12:34:52","modified_gmt":"2025-09-29T09:34:52","slug":"manisada-katliam-gibi-kaza-5-olu-6-yarali-o-anlar-kamerada","status":"publish","type":"post","link":"https:\/\/www.egemtv.com\/?p=58049","title":{"rendered":"Manisa\u2019da katliam gibi kaza: 5 \u00f6l\u00fc, 6 yaral\u0131, o anlar kamerada"},"content":{"rendered":"<p>Manisa\u2019n\u0131n Salihli il\u00e7esinde kar\u015f\u0131 \u015feride ge\u00e7en otomobilin pikapla \u00e7arp\u0131\u015fmas\u0131 sonucu meydana gelen kazada 1\u2019i \u00e7ocuk 5 ki\u015fi hayat\u0131n\u0131 kaybetti, 3\u2019\u00fc \u00e7ocuk 6 ki\u015fi yaraland\u0131. Katliam gibi kazan\u0131n an\u0131 ise g\u00fcvenlik kameralar\u0131na saniye saniye yans\u0131d\u0131.<br \/>\n<br \/>Feci kaza, Ankara-\u0130zmir D300 Karayolu \u00fczerindeki Caferbey Kav\u015fa\u011f\u0131 yak\u0131nlar\u0131nda meydana geldi. Edinilen bilgiye g\u00f6re, Salihli\u2019den \u0130zmir y\u00f6n\u00fcne ilerleyen ve s\u00fcr\u00fcc\u00fcs\u00fc hen\u00fcz belirlenemeyen 35 BLC 88 plakal\u0131 otomobil, kontrolden \u00e7\u0131karak kar\u015f\u0131 \u015feride ge\u00e7ti. Ara\u00e7, bu s\u0131rada kar\u015f\u0131 y\u00f6nden gelen Mert G. (41) y\u00f6netimindeki 45 AVV 432 plakal\u0131 pikapla kafa kafaya \u00e7arp\u0131\u015ft\u0131.<br \/>\n<br \/>\u00c7arp\u0131\u015fman\u0131n \u015fiddetiyle otomobilde bulunan Tu\u011f\u00e7e Karakay\u0131\u015f (35), Elif B\u00fc\u015fra Uzunalt\u0131n (29), Abdullah Mavzer (27), Hamza Uzunalt\u0131n (32) ve k\u00fc\u00e7\u00fck Kemal Uzunalt\u0131n (6) olay yerinde hayat\u0131n\u0131 kaybetti.<br \/>\n<br \/>Kazada otomobilde bulunan Elanur U. (4) ile pikap s\u00fcr\u00fcc\u00fcs\u00fc Mert G. (41) ve yolcular Zeynep Burcu G. (35), Deniz G. (68), Eline G. (2) ve Ertu\u011frul G. (70) yaraland\u0131. Sa\u011fl\u0131k ekiplerince Salihli Devlet Hastanesi ve \u00d6zel Medig\u00fcne\u015f Hastanesi\u2019ne kald\u0131r\u0131lan yaral\u0131lardan durumu a\u011f\u0131r olan Elanur U., Manisa Celal Bayar \u00dcniversitesi Hafsa Sultan Hastanesi\u2019ne sevk edildi.<br \/>\n<br \/>\u00d6te yandan 1\u2019i \u00e7ocuk 5 ki\u015finin ya\u015fam\u0131n\u0131 yitirdi\u011fi, 6 ki\u015finin yaraland\u0131\u011f\u0131 kazan\u0131n g\u00f6r\u00fcnt\u00fcleri bir i\u015fyerine ait g\u00fcvenlik kameras\u0131na yans\u0131d\u0131. G\u00f6r\u00fcnt\u00fclerde otomobilin kontrolden \u00e7\u0131karak kar\u015f\u0131 \u015feride ge\u00e7ti\u011fi ve pikapla kafa kafaya \u00e7arp\u0131\u015ft\u0131\u011f\u0131 anlar yer ald\u0131.<br \/><\/p>\n","protected":false},"excerpt":{"rendered":"<p>Manisa\u2019n\u0131n Salihli il\u00e7esinde kar\u015f\u0131 \u015feride ge\u00e7en otomobilin pikapla \u00e7arp\u0131\u015fmas\u0131 sonucu meydana gelen kazada 1\u2019i \u00e7ocuk 5 ki\u015fi hayat\u0131n\u0131 kaybetti, 3\u2019\u00fc \u00e7ocuk 6 ki\u015fi yaraland\u0131. Katliam gibi kazan\u0131n an\u0131 ise g\u00fcvenlik kameralar\u0131na saniye saniye yans\u0131d\u0131. Feci kaza, Ankara-\u0130zmir D300 Karayolu \u00fczerindeki Caferbey Kav\u015fa\u011f\u0131 yak\u0131nlar\u0131nda meydana geldi. Edinilen bilgiye g\u00f6re, Salihli\u2019den \u0130zmir y\u00f6n\u00fcne ilerleyen ve s\u00fcr\u00fcc\u00fcs\u00fc hen\u00fcz&#8230;<\/p>\n","protected":false},"author":1,"featured_media":58050,"comment_status":"open","ping_status":"open","sticky":false,"template":"","format":"standard","meta":{"_crdt_document":"","footnotes":""},"categories":[5],"tags":[],"class_list":["post-58049","post","type-post","status-publish","format-standard","has-post-thumbnail","hentry","category-asayis"],"_links":{"self":[{"href":"https:\/\/www.egemtv.com\/index.php?rest_route=\/wp\/v2\/posts\/58049","targetHints":{"allow":["GET"]}}],"collection":[{"href":"https:\/\/www.egemtv.com\/index.php?rest_route=\/wp\/v2\/posts"}],"about":[{"href":"https:\/\/www.egemtv.com\/index.php?rest_route=\/wp\/v2\/types\/post"}],"author":[{"embeddable":true,"href":"https:\/\/www.egemtv.com\/index.php?rest_route=\/wp\/v2\/users\/1"}],"replies":[{"embeddable":true,"href":"https:\/\/www.egemtv.com\/index.php?rest_route=%2Fwp%2Fv2%2Fcomments&post=58049"}],"version-history":[{"count":1,"href":"https:\/\/www.egemtv.com\/index.php?rest_route=\/wp\/v2\/posts\/58049\/revisions"}],"predecessor-version":[{"id":58051,"href":"https:\/\/www.egemtv.com\/index.php?rest_route=\/wp\/v2\/posts\/58049\/revisions\/58051"}],"wp:featuredmedia":[{"embeddable":true,"href":"https:\/\/www.egemtv.com\/index.php?rest_route=\/wp\/v2\/media\/58050"}],"wp:attachment":[{"href":"https:\/\/www.egemtv.com\/index.php?rest_route=%2Fwp%2Fv2%2Fmedia&parent=58049"}],"wp:term":[{"taxonomy":"category","embeddable":true,"href":"https:\/\/www.egemtv.com\/index.php?rest_route=%2Fwp%2Fv2%2Fcategories&post=58049"},{"taxonomy":"post_tag","embeddable":true,"href":"https:\/\/www.egemtv.com\/index.php?rest_route=%2Fwp%2Fv2%2Ftags&post=58049"}],"curies":[{"name":"wp","href":"https:\/\/api.w.org\/{rel}","templated":true}]}}